{"id":1741117,"date":"2013-10-08T10:58:06","date_gmt":"2013-10-08T10:58:06","guid":{"rendered":"https:\/\/www.upo.es\/diario\/?p=1741117"},"modified":"2013-10-10T12:17:57","modified_gmt":"2013-10-10T12:17:57","slug":"el-proyecto-de-la-upo-sobre-eficiencia-energetica-y-edificios-inteligentes-finalista-de-los-enertic-awards","status":"publish","type":"post","link":"https:\/\/www.upo.es\/diario\/institucional\/2013\/10\/el-proyecto-de-la-upo-sobre-eficiencia-energetica-y-edificios-inteligentes-finalista-de-los-enertic-awards\/","title":{"rendered":"El proyecto de la UPO sobre eficiencia energ\u00e9tica y edificios inteligentes, finalista de los enerTIC Awards"},"content":{"rendered":"<p>&nbsp;<\/p>\n<figure id=\"attachment_1741118\" aria-describedby=\"caption-attachment-1741118\" style=\"width: 320px\" class=\"wp-caption alignright\"><a href=\"https:\/\/www.upo.es\/diario\/wp-content\/uploads\/2013\/10\/vista_upo.jpg\"><img loading=\"lazy\" decoding=\"async\" class=\"size-medium wp-image-1741118\" alt=\"Los dispositivos de control instalados en la Olavide han permitido reducir el consumo medio diario de agua potable en un 50 por ciento y el de energ\u00eda el\u00e9ctrica en un 40 por ciento \" src=\"https:\/\/www.upo.es\/diario\/wp-content\/uploads\/2013\/10\/vista_upo-320x191.jpg\" width=\"320\" height=\"191\" srcset=\"https:\/\/www.upo.es\/diario\/wp-content\/uploads\/2013\/10\/vista_upo-320x191.jpg 320w, https:\/\/www.upo.es\/diario\/wp-content\/uploads\/2013\/10\/vista_upo-1024x611.jpg 1024w, https:\/\/www.upo.es\/diario\/wp-content\/uploads\/2013\/10\/vista_upo-600x358.jpg 600w\" sizes=\"auto, (max-width: 320px) 100vw, 320px\" \/><\/a><figcaption id=\"caption-attachment-1741118\" class=\"wp-caption-text\">Los dispositivos de control instalados en la Olavide han permitido reducir el consumo medio diario de agua potable en un 50 por ciento y el de energ\u00eda el\u00e9ctrica en un 40 por ciento<\/figcaption><\/figure>\n<p>La Universidad Pablo de Olavide ha sido seleccionada como finalista en la primera edici\u00f3n de los enerTIC Awards por su proyecto \u201cSistema de Gesti\u00f3n de Eficiencia Energ\u00e9tica y Edificios Inteligentes\u201d presentado por el Vicerrectorado de TIC, Calidad e Innovaci\u00f3n y la Direcci\u00f3n General de Infraestructuras y Espacios de esta universidad p\u00fablica sevillana. Estos premios son convocados por la Plataforma enerTIC con el objetivo de identificar, reconocer y divulgar la innovaci\u00f3n y las mejores pr\u00e1cticas en el uso de las TIC para la mejora de la eficiencia y sostenibilidad energ\u00e9tica.<\/p>\n<p style=\"text-align: justify;\">Un grupo de expertos de enerTIC y representantes de organizaciones miembro de la Red Institucional de la Plataforma se reunieron para revisar los 138 proyectos presentados, y seleccionaron a tres proyectos finalistas por cada categor\u00eda. La Universidad Pablo de Olavide, por su gesti\u00f3n de eficiencia energ\u00e9tica y de las instalaciones de los 47 edificios del campus, se encuentra entre los tres proyectos finalistas de la categor\u00eda \u201cSmart IT Infrastructure\u201d.<\/p>\n<p style=\"text-align: justify;\">El Sistema de Gesti\u00f3n en Eficiencia Energ\u00e9tica y de Edificios Inteligentes (SGEEI) a trav\u00e9s de la Red de comunicaciones de la UPO (RED UPONET-INV) permite controlar y monitorizar el mantenimiento del n\u00famero de puntos en las instalaciones de los edificios inteligentes, con el m\u00ednimo de elementos y al menor coste posible. El SGEEI realiza el control integral de las instalaciones de los 47 edificios del campus de la Universidad Pablo de Olavide en cuanto a consumos de energ\u00eda, agua, gas, etc. Para ello, se utilizan servidores de alta gama dedicados en alta disponibilidad conectados a la red de comunicaci\u00f3n de la UPO (Red UPONET-INV) a 10 GB, Subred Ethernet espec\u00edfica solo para instalaciones y control de los edificios inteligentes, y el sistema de gesti\u00f3n basado en PowerStudio Scada.<\/p>\n<p style=\"text-align: justify;\">Estos dispositivos de control han permitido reducir el consumo medio diario de agua potable en un 50 por ciento y el de energ\u00eda el\u00e9ctrica en un 40 por ciento y la concienciaci\u00f3n sobre su buen uso por parte de los usuarios.<\/p>\n<p style=\"text-align: justify;\">El proyecto se encuentra disponible en la<a href=\"http:\/\/www.enertic.org\/Actividades\/Awards2013\/_xiblzVGg4GdG9lNyG0qI9EuO6nzpdhf2EYeWshEfjwRT5onffjeq4q8XFBjwqvaViowccJkv-KY\"> web de la Plataforma enerTIC<\/a>, y est\u00e1 abierto el proceso de votaci\u00f3n online en el que podr\u00e1n participar todos los usuarios profesionales que se registren en <a href=\"http:\/\/www.enertic.org\/alta\">enerTIC.org\/Alta<\/a>. Adem\u00e1s, de todos los proyectos finalistas se publicar\u00e1 un extracto en la \u2018II Gu\u00eda de Referencia enerTIC: Buenas pr\u00e1cticas, soluciones y 100 proveedores fundamentales\u2019, que se publicar\u00e1 y distribuir\u00e1 en noviembre de 2013. El pr\u00f3ximo 12 de diciembre se celebrar\u00e1 un acto oficial de entrega de galardones en el Casino de Madrid con presencia de los principales agentes del mundo de las TIC y la energ\u00eda. El proyecto m\u00e1s votado recibir\u00e1 una dotaci\u00f3n econ\u00f3mica del 7% de la facturaci\u00f3n total obtenida en concepto de inscripciones en los eventos de enerTIC durante los a\u00f1os 2012 y 2013.<\/p>\n<p style=\"text-align: justify;\">EnerTIC tiene por misi\u00f3n contribuir al desarrollo del potencial de transformaci\u00f3n de las Tecnolog\u00edas de la Informaci\u00f3n y Comunicaciones en el \u00e1mbito de la eficiencia energ\u00e9tica en Espa\u00f1a con el apoyo de las empresas asociadas e instituciones p\u00fablicas, en favor de una econom\u00eda m\u00e1s competitiva y sostenible. Desde la Plataforma se trabaja, tanto en el sector p\u00fablico como privado, en impulsar iniciativas y actividades de concienciaci\u00f3n, promoci\u00f3n y difusi\u00f3n, as\u00ed como de cooperaci\u00f3n multiorganizacional, que favorezca la aplicaci\u00f3n de las TIC para la mejora de la competitividad energ\u00e9tica de las personas, infraestructuras tecnol\u00f3gicas, espacios y edificios, y sectores estrat\u00e9gicos.<\/p>\n","protected":false},"excerpt":{"rendered":"<p>La Universidad Pablo de Olavide ha sido seleccionada como finalista en la primera edici\u00f3n de los enerTIC Awards por su proyecto \u201cSistema de Gesti\u00f3n de Eficiencia Energ\u00e9tica y Edificios Inteligentes\u201d presentado por el Vicerrectorado de TIC, Calidad e Innovaci\u00f3n y la Direcci\u00f3n General de Infraestructuras y Espacios de esta universidad p\u00fablica sevillana. Estos premios son convocados por la Plataforma enerTIC con el objetivo de identificar, reconocer y divulgar la innovaci\u00f3n y las mejores pr\u00e1cticas en el uso de las TIC para la mejora de la eficiencia y sostenibilidad energ\u00e9tica.<\/p>\n","protected":false},"author":4,"featured_media":0,"comment_status":"closed","ping_status":"open","sticky":false,"template":"","format":"standard","meta":{"_monsterinsights_skip_tracking":false,"_monsterinsights_sitenote_active":false,"_monsterinsights_sitenote_note":"","_monsterinsights_sitenote_category":0,"footnotes":""},"categories":[6],"tags":[913,914,58,719],"class_list":["post-1741117","post","type-post","status-publish","format-standard","hentry","category-institucional","tag-eficiencia-energetica","tag-enertic","tag-premio","tag-tic"],"_links":{"self":[{"href":"https:\/\/www.upo.es\/diario\/wp-json\/wp\/v2\/posts\/1741117","targetHints":{"allow":["GET"]}}],"collection":[{"href":"https:\/\/www.upo.es\/diario\/wp-json\/wp\/v2\/posts"}],"about":[{"href":"https:\/\/www.upo.es\/diario\/wp-json\/wp\/v2\/types\/post"}],"author":[{"embeddable":true,"href":"https:\/\/www.upo.es\/diario\/wp-json\/wp\/v2\/users\/4"}],"replies":[{"embeddable":true,"href":"https:\/\/www.upo.es\/diario\/wp-json\/wp\/v2\/comments?post=1741117"}],"version-history":[{"count":3,"href":"https:\/\/www.upo.es\/diario\/wp-json\/wp\/v2\/posts\/1741117\/revisions"}],"predecessor-version":[{"id":1755479,"href":"https:\/\/www.upo.es\/diario\/wp-json\/wp\/v2\/posts\/1741117\/revisions\/1755479"}],"wp:attachment":[{"href":"https:\/\/www.upo.es\/diario\/wp-json\/wp\/v2\/media?parent=1741117"}],"wp:term":[{"taxonomy":"category","embeddable":true,"href":"https:\/\/www.upo.es\/diario\/wp-json\/wp\/v2\/categories?post=1741117"},{"taxonomy":"post_tag","embeddable":true,"href":"https:\/\/www.upo.es\/diario\/wp-json\/wp\/v2\/tags?post=1741117"}],"curies":[{"name":"wp","href":"https:\/\/api.w.org\/{rel}","templated":true}]}}