{"id":1748293,"date":"2013-10-10T05:51:01","date_gmt":"2013-10-10T05:51:01","guid":{"rendered":"https:\/\/www.upo.es\/diario\/?p=1748293"},"modified":"2013-10-10T06:25:44","modified_gmt":"2013-10-10T06:25:44","slug":"conferencia-de-pablo-slavin-sobre-la-evolucion-de-la-justicia-transicional-en-argentina-memoria-verdad-y-justicia","status":"publish","type":"post","link":"https:\/\/www.upo.es\/diario\/institucional\/2013\/10\/conferencia-de-pablo-slavin-sobre-la-evolucion-de-la-justicia-transicional-en-argentina-memoria-verdad-y-justicia\/","title":{"rendered":"Conferencia de Pablo Slavin sobre \u201cLa evoluci\u00f3n de la Justicia Transicional en Argentina: Memoria, verdad y justicia\u201d"},"content":{"rendered":"<p>Hoy jueves 10 de octubre, a las 19 horas en el aula B05 del edificio Alexander von Humboldt de la Universidad Pablo de Olavide, Pablo Slavin, catedr\u00e1tico de Derecho Pol\u00edtico\u00a0 de la\u00a0<a href=\"http:\/\/www.mdp.edu.ar\/\" target=\"_blank\">Universidad Nacional de Mar del Plata<\/a>\u00a0en Argentina, impartir\u00e1 la conferencia\u00a0\u201cEvoluci\u00f3n de la Justicia Transicional en Argentina: Memoria, verdad y justicia\u201d. La ponencia ha sido organizada por el Vicerrectorado de Internacionalizaci\u00f3n y Comunicaci\u00f3n de la UPO.<\/p>\n<p>En dicha conferencia, el catedr\u00e1tico elaborar\u00e1 un an\u00e1lisis cr\u00edtico de c\u00f3mo Argentina lidi\u00f3, a partir del a\u00f1o 1983, con los cr\u00edmenes cometidos por la dictadura militar y los avances y retrocesos en la lucha por alcanzar memoria, verdad\u00a0 y justicia. Para ello repasar\u00e1 lo que fue el denominado \u201cProceso Militar\u201d, y luego abordar\u00e1 las distintas etapas por las que se atraves\u00f3 hasta la actualidad, incluyendo el papel de Espa\u00f1a en esta evoluci\u00f3n.<\/p>\n<p>Con la presencia de miembros de asociaciones memorialistas espa\u00f1olas, posteriormente se llevar\u00e1 a cabo un coloquio para realizar un an\u00e1lisis comparativo entre ambos pa\u00edses, y el tratamiento llevado a cabo desde Espa\u00f1a para reparar a las v\u00edctimas del franquismo.<\/p>\n","protected":false},"excerpt":{"rendered":"<p>Hoy jueves 10 de octubre, a las 19 horas en el aula B05 del edificio Alexander von Humboldt de la Universidad Pablo de Olavide, Pablo Slavin, catedr\u00e1tico de Derecho Pol\u00edtico  de la Universidad Nacional de Mar del Plata en Argentina, impartir\u00e1 la conferencia \u201cEvoluci\u00f3n de la Justicia Transicional en Argentina: Memoria, verdad y justicia\u201d. La ponencia ha sido organizada por el Vicerrectorado de Internacionalizaci\u00f3n y Comunicaci\u00f3n de la UPO.<\/p>\n","protected":false},"author":6,"featured_media":0,"comment_status":"closed","ping_status":"open","sticky":false,"template":"","format":"standard","meta":{"_monsterinsights_skip_tracking":false,"_monsterinsights_sitenote_active":false,"_monsterinsights_sitenote_note":"","_monsterinsights_sitenote_category":0,"footnotes":""},"categories":[6],"tags":[876,544,87,919,285,613,76],"class_list":["post-1748293","post","type-post","status-publish","format-standard","hentry","category-institucional","tag-argentina","tag-conferencias","tag-derecho","tag-dictaduras","tag-espana","tag-justicia","tag-politica"],"_links":{"self":[{"href":"https:\/\/www.upo.es\/diario\/wp-json\/wp\/v2\/posts\/1748293","targetHints":{"allow":["GET"]}}],"collection":[{"href":"https:\/\/www.upo.es\/diario\/wp-json\/wp\/v2\/posts"}],"about":[{"href":"https:\/\/www.upo.es\/diario\/wp-json\/wp\/v2\/types\/post"}],"author":[{"embeddable":true,"href":"https:\/\/www.upo.es\/diario\/wp-json\/wp\/v2\/users\/6"}],"replies":[{"embeddable":true,"href":"https:\/\/www.upo.es\/diario\/wp-json\/wp\/v2\/comments?post=1748293"}],"version-history":[{"count":3,"href":"https:\/\/www.upo.es\/diario\/wp-json\/wp\/v2\/posts\/1748293\/revisions"}],"predecessor-version":[{"id":1748295,"href":"https:\/\/www.upo.es\/diario\/wp-json\/wp\/v2\/posts\/1748293\/revisions\/1748295"}],"wp:attachment":[{"href":"https:\/\/www.upo.es\/diario\/wp-json\/wp\/v2\/media?parent=1748293"}],"wp:term":[{"taxonomy":"category","embeddable":true,"href":"https:\/\/www.upo.es\/diario\/wp-json\/wp\/v2\/categories?post=1748293"},{"taxonomy":"post_tag","embeddable":true,"href":"https:\/\/www.upo.es\/diario\/wp-json\/wp\/v2\/tags?post=1748293"}],"curies":[{"name":"wp","href":"https:\/\/api.w.org\/{rel}","templated":true}]}}