{"id":174839,"date":"2013-01-08T13:00:55","date_gmt":"2013-01-08T13:00:55","guid":{"rendered":"https:\/\/www.upo.es\/diario\/?p=174839"},"modified":"2013-01-10T12:03:13","modified_gmt":"2013-01-10T12:03:13","slug":"alumnos-del-master-de-enfermeria-y-cuidados-intensivos-de-la-upo-haran-practicas-en-clinicas-de-sevilla-2","status":"publish","type":"post","link":"https:\/\/www.upo.es\/diario\/institucional\/2013\/01\/alumnos-del-master-de-enfermeria-y-cuidados-intensivos-de-la-upo-haran-practicas-en-clinicas-de-sevilla-2\/","title":{"rendered":"Alumnos del m\u00e1ster de Enfermer\u00eda y Cuidados Intensivos de la UPO har\u00e1n pr\u00e1cticas en cl\u00ednicas de Sevilla"},"content":{"rendered":"<figure id=\"attachment_206356\" aria-describedby=\"caption-attachment-206356\" style=\"width: 400px\" class=\"wp-caption alignright\"><a href=\"https:\/\/www.upo.es\/diario\/wp-content\/uploads\/2013\/01\/conve_hospitales.jpg\"><img loading=\"lazy\" decoding=\"async\" class=\"size-full wp-image-206356\" alt=\"En la imagen, de izquierda a derecha, Obdulio Rodr\u00edguez-Armijo, director-gerente de la Cl\u00ednica Esperanza de Triana, el rector de la UPO, Vicente Guzm\u00e1n Fluja, y Manuel Rodr\u00edguez, director-gerente de Hospitales NISA\" src=\"https:\/\/www.upo.es\/diario\/wp-content\/uploads\/2013\/01\/conve_hospitales-e1357654103539.jpg\" width=\"400\" height=\"266\" \/><\/a><figcaption id=\"caption-attachment-206356\" class=\"wp-caption-text\">En la imagen, de izquierda a derecha, Obdulio Rodr\u00edguez-Armijo, director-gerente de la Cl\u00ednica Esperanza de Triana, el rector de la UPO, Vicente Guzm\u00e1n Fluja, y Manuel Rodr\u00edguez, director-gerente de Hospitales NISA<\/figcaption><\/figure>\n<p>El rector de la Universidad Pablo de Olavide, Vicente Guzm\u00e1n Fluja, ha firmado en la ma\u00f1ana del d\u00eda de hoy convenios de colaboraci\u00f3n con varios hospitales de Sevilla, que permitir\u00e1n realizar pr\u00e1cticas formativas a los alumnos del M\u00e1ster de Enfermer\u00eda y Cuidados Intensivos en estos centros para completar y mejorar su cualificaci\u00f3n profesional. En concreto, estos acuerdos se han rubricado con la Cl\u00ednica Esperanza de Triana, GESNISA y la Cl\u00ednica Santa Isabel.<\/p>\n<p>Durante el acto, los representantes de los hospitales han destacado la importancia de estrechar lazos entre la universidad p\u00fablica y el sector sanitario privado y han resaltado que estos acuerdos ofrecen la oportunidad de contar con las instalaciones y los profesionales de estos centros para formar a los alumnos de la UPO. Adem\u00e1s, el rector ha expresado su deseo de que estos convenios sean un primer paso para desarrollar nuevos proyectos de colaboraci\u00f3n entre la Universidad y estas instituciones sanitarias.<\/p>\n<p>El M\u00e1ster de Enfermer\u00eda y Cuidados Intensivos es un t\u00edtulo propio de la Universidad Pablo de Olavide que se desarrolla a lo largo de dos cursos acad\u00e9micos y cuya primera edici\u00f3n comenz\u00f3 el pasado a\u00f1o. Este m\u00e1ster se estructura en torno a cr\u00e9ditos te\u00f3rico-presenciales, cr\u00e9ditos te\u00f3rico-on line y cr\u00e9ditos pr\u00e1cticos con lo que se consigue una formaci\u00f3n integral en el campo de los cuidados de enfermer\u00eda de pacientes cr\u00edticos. En concreto, de los 90 cr\u00e9ditos de los que consta este m\u00e1ster, 46 de ellos son pr\u00e1cticas formativas que se realizan en los servicios de la UCI de las distintas entidades sanitarias con las que se firma convenio.<\/p>\n<p>Por otro lado, la Cl\u00ednica Esperanza de Triana tambi\u00e9n ha firmado un convenio de cooperaci\u00f3n educativa con la Universidad Pablo de Olavide para poder acoger alumnos de todas las titulaciones oficiales de esta universidad.<\/p>\n<p>Al acto, celebrado en la Universidad Pablo de Olavide han acudido Obdulio Rodr\u00edguez-Armijo, director-gerente de la Cl\u00ednica Esperanza de Triana y Manuel Rodr\u00edguez, director-gerente de Hospitales NISA. Adem\u00e1s, ha estado presente Ana G\u00f3mez P\u00e9rez, vicepresidenta ejecutiva de la Fundaci\u00f3n Universidad-Sociedad, que ser\u00e1 la entidad encargada de gestionar las pr\u00e1cticas formativas de los alumnos.<\/p>\n","protected":false},"excerpt":{"rendered":"<p>El rector de la Universidad Pablo de Olavide, Vicente Guzm\u00e1n Fluja, ha firmado en la ma\u00f1ana del d\u00eda de hoy convenios de colaboraci\u00f3n con varios hospitales de Sevilla, que permitir\u00e1n realizar pr\u00e1cticas formativas a los alumnos del M\u00e1ster de Enfermer\u00eda y Cuidados Intensivos en estos centros para completar y mejorar su cualificaci\u00f3n profesional. <\/p>\n","protected":false},"author":2,"featured_media":0,"comment_status":"closed","ping_status":"open","sticky":false,"template":"","format":"standard","meta":{"_monsterinsights_skip_tracking":false,"_monsterinsights_sitenote_active":false,"_monsterinsights_sitenote_note":"","_monsterinsights_sitenote_category":0,"footnotes":""},"categories":[6],"tags":[21,47,65,38],"class_list":["post-174839","post","type-post","status-publish","format-standard","hentry","category-institucional","tag-estudiantes","tag-fundaciones","tag-practicas","tag-rector"],"_links":{"self":[{"href":"https:\/\/www.upo.es\/diario\/wp-json\/wp\/v2\/posts\/174839","targetHints":{"allow":["GET"]}}],"collection":[{"href":"https:\/\/www.upo.es\/diario\/wp-json\/wp\/v2\/posts"}],"about":[{"href":"https:\/\/www.upo.es\/diario\/wp-json\/wp\/v2\/types\/post"}],"author":[{"embeddable":true,"href":"https:\/\/www.upo.es\/diario\/wp-json\/wp\/v2\/users\/2"}],"replies":[{"embeddable":true,"href":"https:\/\/www.upo.es\/diario\/wp-json\/wp\/v2\/comments?post=174839"}],"version-history":[{"count":11,"href":"https:\/\/www.upo.es\/diario\/wp-json\/wp\/v2\/posts\/174839\/revisions"}],"predecessor-version":[{"id":174847,"href":"https:\/\/www.upo.es\/diario\/wp-json\/wp\/v2\/posts\/174839\/revisions\/174847"}],"wp:attachment":[{"href":"https:\/\/www.upo.es\/diario\/wp-json\/wp\/v2\/media?parent=174839"}],"wp:term":[{"taxonomy":"category","embeddable":true,"href":"https:\/\/www.upo.es\/diario\/wp-json\/wp\/v2\/categories?post=174839"},{"taxonomy":"post_tag","embeddable":true,"href":"https:\/\/www.upo.es\/diario\/wp-json\/wp\/v2\/tags?post=174839"}],"curies":[{"name":"wp","href":"https:\/\/api.w.org\/{rel}","templated":true}]}}