{"id":174842,"date":"2013-01-08T07:11:29","date_gmt":"2013-01-08T07:11:29","guid":{"rendered":"https:\/\/www.upo.es\/diario\/?p=174842"},"modified":"2013-01-08T15:39:32","modified_gmt":"2013-01-08T15:39:32","slug":"el-master-conocimiento-actual-de-las-enfermedades-raras-comienza-en-la-upo-con-una-conferencia-de-francesc-palau","status":"publish","type":"post","link":"https:\/\/www.upo.es\/diario\/institucional\/2013\/01\/el-master-conocimiento-actual-de-las-enfermedades-raras-comienza-en-la-upo-con-una-conferencia-de-francesc-palau\/","title":{"rendered":"El M\u00e1ster \u00abConocimiento actual de las Enfermedades Raras\u00bb comienza en la UPO con una conferencia de Francesc Palau"},"content":{"rendered":"<figure id=\"attachment_207002\" aria-describedby=\"caption-attachment-207002\" style=\"width: 300px\" class=\"wp-caption alignleft\"><a href=\"https:\/\/www.upo.es\/diario\/wp-content\/uploads\/2013\/01\/master_enf_raras.jpg\"><img loading=\"lazy\" decoding=\"async\" class=\"size-medium wp-image-207002 \" alt=\"Francesc Palau\" src=\"https:\/\/www.upo.es\/diario\/wp-content\/uploads\/2013\/01\/master_enf_raras-300x200.jpg\" width=\"300\" height=\"200\" srcset=\"https:\/\/www.upo.es\/diario\/wp-content\/uploads\/2013\/01\/master_enf_raras-300x200.jpg 300w, https:\/\/www.upo.es\/diario\/wp-content\/uploads\/2013\/01\/master_enf_raras-1024x682.jpg 1024w, https:\/\/www.upo.es\/diario\/wp-content\/uploads\/2013\/01\/master_enf_raras-600x400.jpg 600w\" sizes=\"auto, (max-width: 300px) 100vw, 300px\" \/><\/a><figcaption id=\"caption-attachment-207002\" class=\"wp-caption-text\">Francesc Palau, director del Centro de Investigaci\u00f3n Biom\u00e9dica en Red de Enfermedades Raras<\/figcaption><\/figure>\n<p>Hoy \u00a0ha dado comienzo, en el sal\u00f3n de actos del Centro Andaluz de Biolog\u00eda del Desarrollo, \u00a0la IV edici\u00f3n del <a href=\"http:\/\/www.upo.es\/postgrado\/Master-Oficial-Conocimiento-Actual-de-las-Enfermedades-Raras\">M\u00e1ster \u201cConocimiento actual de las Enfermedades Raras\u201d<\/a>, organizado por la Universidad Pablo de Olavide\u00a0 y la Universidad Internacional de Andaluc\u00eda. \u00a0Francesc Palau, profesor del Instituto de Biomedicina de Valencia y director del Centro de Investigaci\u00f3n Biom\u00e9dica en Red de Enfermedades Raras (<a href=\"http:\/\/www.ciberer.es\/\">CIBERER<\/a>) ha sido el encargado de abrir esta edici\u00f3n del m\u00e1ster con una conferencia sobre la importancia de investigar en esta \u00e1rea del conocimiento.<\/p>\n<p>El M\u00e1ster Universitario \u201cConocimiento actual de las Enfermedades Raras\u201d, es un t\u00edtulo oficial cuyo objetivo fundamental es presentar el conocimiento que se tiene en la actualidad de este tipo de patolog\u00edas de baja frecuencia en la poblaci\u00f3n, con principal atenci\u00f3n en los recursos moleculares y bioqu\u00edmicos para la evaluaci\u00f3n, diagn\u00f3stico, seguimiento, pron\u00f3stico, y tratamiento de los pacientes y sus familias. El programa de estudios hace especial \u00e9nfasis en aquellos grupos de enfermedades relevantes por su prevalencia y por las discapacidades asociadas: enfermedades neurodegenerativas, trastornos metab\u00f3licos, enfermedades mitocondriales, enfermedades lisosomales y enfermedades peroxisomales m\u00e1s frecuentes.<\/p>\n<p>Dentro de las actividades del m\u00e1ster, el pr\u00f3ximo viernes 11 de enero, a las 16:00 horas en el sal\u00f3n de actos del CABD, tendr\u00e1 lugar la celebraci\u00f3n de la mesa redonda \u201cIniciativas Pol\u00edticas y Planes de acci\u00f3n en el campo de las Enfermedades Raras\u201d. En este encuentro se abordaran la problem\u00e1tica de los pacientes aquejados de este tipo de patolog\u00edas y sus familiares y las pol\u00edticas que se est\u00e1n llevando a cabo en los \u00e1mbitos europeo, nacional y regional. Tambi\u00e9n se abordar\u00e1n las deficiencias a nivel de atenci\u00f3n y mejora de calidad de vida de estas personas.<\/p>\n<p>En esta mesa redonda participar\u00e1n Antonio Gonz\u00e1lez-Meneses, jefe del \u00c1rea de Dismorfolog\u00eda y S\u00edndrome de Dawn del Hospital Virgen del Roc\u00edo de Sevilla y hasta 2012 director del Plan Andaluz de Atenci\u00f3n a Pacientes con Enfermedades Raras; Manuel P\u00e9rez Fern\u00e1ndez, presidente del Colegio de Farmac\u00e9uticos de Sevilla y presidente de la <a href=\"http:\/\/www.fundacionmehuer.es\/\">Fundaci\u00f3n MEHUER<\/a> (Medicamentos Hu\u00e9rfanos y Enfermedades Raras de Sevilla); Manuel Posada de la Paz, director del \u00c1rea de Gen\u00e9tica Cl\u00ednica y Epidemiolog\u00eda Gen\u00e9tica del <a href=\"http:\/\/www.isciii.es\/ISCIII\/es\/contenidos\/fd-el-instituto\/fd-organizacion\/fd-estructura-directiva\/fd-subdireccion-general-servicios-aplicados-formacion-investigacion\/fd-centros-unidades\/instituto-investigacion-enfermedades-raras.shtml\">Instituto de Investigaci\u00f3n de Enfermedades Raras<\/a> del Instituto de Salud Carlos III; y Gema Esteban Bueno, delegada en Andaluc\u00eda de la <a href=\"http:\/\/www.enfermedades-raras.org\/\">Federaci\u00f3n Espa\u00f1ola de Enfermedades Raras<\/a> (FEDER) e investigadora sobre enfermedades raras, con especial inter\u00e9s en el s\u00edndrome de Wolfram.<\/p>\n","protected":false},"excerpt":{"rendered":"<p>Hoy  ha dado comienzo, en el sal\u00f3n de actos del Centro Andaluz de Biolog\u00eda del Desarrollo,  la IV edici\u00f3n del M\u00e1ster \u201cConocimiento actual de las Enfermedades Raras\u201d, organizado por la Universidad Pablo de Olavide  y la Universidad Internacional de Andaluc\u00eda.  Francesc Palau, profesor del Instituto de Biomedicina de Valencia y director del Centro de Investigaci\u00f3n Biom\u00e9dica en Red de Enfermedades Raras (CIBERER) ha sido el encargado de abrir esta edici\u00f3n del m\u00e1ster con una conferencia sobre la importancia de investigar en esta \u00e1rea del conocimiento.<\/p>\n","protected":false},"author":6,"featured_media":0,"comment_status":"closed","ping_status":"open","sticky":false,"template":"","format":"standard","meta":{"_monsterinsights_skip_tracking":false,"_monsterinsights_sitenote_active":false,"_monsterinsights_sitenote_note":"","_monsterinsights_sitenote_category":0,"footnotes":""},"categories":[6],"tags":[117,118,82],"class_list":["post-174842","post","type-post","status-publish","format-standard","hentry","category-institucional","tag-enfermedades-raras","tag-master","tag-postgrado"],"_links":{"self":[{"href":"https:\/\/www.upo.es\/diario\/wp-json\/wp\/v2\/posts\/174842","targetHints":{"allow":["GET"]}}],"collection":[{"href":"https:\/\/www.upo.es\/diario\/wp-json\/wp\/v2\/posts"}],"about":[{"href":"https:\/\/www.upo.es\/diario\/wp-json\/wp\/v2\/types\/post"}],"author":[{"embeddable":true,"href":"https:\/\/www.upo.es\/diario\/wp-json\/wp\/v2\/users\/6"}],"replies":[{"embeddable":true,"href":"https:\/\/www.upo.es\/diario\/wp-json\/wp\/v2\/comments?post=174842"}],"version-history":[{"count":9,"href":"https:\/\/www.upo.es\/diario\/wp-json\/wp\/v2\/posts\/174842\/revisions"}],"predecessor-version":[{"id":175480,"href":"https:\/\/www.upo.es\/diario\/wp-json\/wp\/v2\/posts\/174842\/revisions\/175480"}],"wp:attachment":[{"href":"https:\/\/www.upo.es\/diario\/wp-json\/wp\/v2\/media?parent=174842"}],"wp:term":[{"taxonomy":"category","embeddable":true,"href":"https:\/\/www.upo.es\/diario\/wp-json\/wp\/v2\/categories?post=174842"},{"taxonomy":"post_tag","embeddable":true,"href":"https:\/\/www.upo.es\/diario\/wp-json\/wp\/v2\/tags?post=174842"}],"curies":[{"name":"wp","href":"https:\/\/api.w.org\/{rel}","templated":true}]}}