{"id":1755471,"date":"2013-10-11T02:09:49","date_gmt":"2013-10-11T02:09:49","guid":{"rendered":"https:\/\/www.upo.es\/diario\/?p=1755471"},"modified":"2013-10-14T06:22:07","modified_gmt":"2013-10-14T06:22:07","slug":"dos-alumnos-de-la-upo-presentan-esta-tarde-el-proyecto-de-educacion-para-la-paz-pachamama","status":"publish","type":"post","link":"https:\/\/www.upo.es\/diario\/institucional\/2013\/10\/dos-alumnos-de-la-upo-presentan-esta-tarde-el-proyecto-de-educacion-para-la-paz-pachamama\/","title":{"rendered":"Dos alumnos de la UPO presentan el proyecto de educaci\u00f3n para la paz Pachamama"},"content":{"rendered":"<figure id=\"attachment_1761953\" aria-describedby=\"caption-attachment-1761953\" style=\"width: 320px\" class=\"wp-caption alignright\"><a href=\"https:\/\/www.upo.es\/diario\/wp-content\/uploads\/2013\/10\/pachamama3.jpg\"><img loading=\"lazy\" decoding=\"async\" class=\"size-medium wp-image-1761953\" alt=\"En la mesa, de izquierda a derecha, Nicol\u00e1s L\u00f3pez, Miguel \u00c1ngel Moreno y el decano de la Facultad de Ciencias Sociales Guillermo Dom\u00ednguez. \" src=\"https:\/\/www.upo.es\/diario\/wp-content\/uploads\/2013\/10\/pachamama3-320x213.jpg\" width=\"320\" height=\"213\" srcset=\"https:\/\/www.upo.es\/diario\/wp-content\/uploads\/2013\/10\/pachamama3-320x213.jpg 320w, https:\/\/www.upo.es\/diario\/wp-content\/uploads\/2013\/10\/pachamama3-1024x682.jpg 1024w, https:\/\/www.upo.es\/diario\/wp-content\/uploads\/2013\/10\/pachamama3-600x399.jpg 600w\" sizes=\"auto, (max-width: 320px) 100vw, 320px\" \/><\/a><figcaption id=\"caption-attachment-1761953\" class=\"wp-caption-text\">En la mesa, de izquierda a derecha, Nicol\u00e1s L\u00f3pez, Miguel \u00c1ngel Moreno, \u00a0el decano de la Facultad de Ciencias Sociales Guillermo Dom\u00ednguez, Carmen Moreno y Gabriel Jim\u00e9nez.<\/figcaption><\/figure>\n<p>La Universidad Pablo de Olavide acogi\u00f3 ayer\u00a0jueves \u00a010 de octubre\u00a0\u00a0la presentaci\u00f3n del <a href=\"http:\/\/pachamamaodm.blogspot.com.es\/\">Proyecto Pachamama<\/a>, iniciativa multicultural de educaci\u00f3n para la paz de la <a href=\"https:\/\/www.cibercorresponsales.org\/entidades\/asociaci%C3%B3n-juvenil-acci%C3%B3n-solidaria-para-el-cambio-social\">Asociaci\u00f3n Juvenil Acci\u00f3n Solidaria<\/a> en la que participan dos alumnos de 3\u00ba de Educaci\u00f3n Social de esta universidad: Miguel \u00c1ngel Moreno Luna, coordinador de esta iniciativa, y Nicol\u00e1s L\u00f3pez Gonz\u00e1lez. Los estudiantes estuvieron acompa\u00f1ados en el acto de presentaci\u00f3n por el decano de la Facultad de Ciencias Sociales Guillermo Dom\u00ednguez Fern\u00e1ndez, la coordinadora del proyecto Carmen Moreno, y el delegado de estudiantes de la Facultad de Ciencias Sociales Gabriel Jim\u00e9nez.<\/p>\n<p><b>Pachamama<\/b> es una iniciativa multicultural y multinacional de educaci\u00f3n para la paz en la que han trabajado 225 ni\u00f1os y 20 educadores de Alemania, Argentina, Bolivia, Colombia, Espa\u00f1a, Guatemala, Marruecos y M\u00e9xico. Este proyecto propone la colaboraci\u00f3n entre estos ni\u00f1os para buscar estrategias comunes y realizables para conseguir los Objetivos de Desarrollo del Milenio, utilizando para ello la creaci\u00f3n conjunta y el trabajo cooperativo, siendo uno de sus principales objetivos promover la aceptaci\u00f3n entre las personas desde el conocimiento, la comprensi\u00f3n, el respeto y el trabajo compartido.<\/p>\n<p>La metodolog\u00eda de trabajo consiste en dar a conocer a los ni\u00f1os los Objetivos de Desarrollo del Milenio y despu\u00e9s motivarlos para buscar caminos concretos para la realizaci\u00f3n de esos objetivos desde su realidad particular, desde su entorno concreto, adapt\u00e1ndolo a la realidad de cada pa\u00eds participante.<\/p>\n<p>El siguiente paso es la puesta en marcha de talleres y actividades concretas que permiten concretar las ideas propuestas por los ni\u00f1os. Estos talleres han dado lugar a la realizaci\u00f3n de una serie de v\u00eddeos difundidos a trav\u00e9s de las redes sociales y de un blog creado al efecto <a href=\"http:\/\/pachamamaodm.blogspot.com.es\/,\">http:\/\/pachamamaodm.blogspot.com.es\/,<\/a> que ofrece una plataforma para el debate y la participaci\u00f3n abierta al resto de la sociedad.<\/p>\n","protected":false},"excerpt":{"rendered":"<p>La Universidad Pablo de Olavide acogi\u00f3 ayer jueves  10 de octubre  la presentaci\u00f3n del Proyecto Pachamama, iniciativa multicultural de educaci\u00f3n para la paz de la Asociaci\u00f3n Juvenil Acci\u00f3n Solidaria en la que participan dos alumnos de 3\u00ba de Educaci\u00f3n Social de esta universidad: Miguel \u00c1ngel Moreno Luna, coordinador de esta iniciativa, y Nicol\u00e1s L\u00f3pez Gonz\u00e1lez.<\/p>\n","protected":false},"author":2,"featured_media":0,"comment_status":"closed","ping_status":"open","sticky":false,"template":"","format":"standard","meta":{"_monsterinsights_skip_tracking":false,"_monsterinsights_sitenote_active":false,"_monsterinsights_sitenote_note":"","_monsterinsights_sitenote_category":0,"footnotes":""},"categories":[6],"tags":[465,628,21,464,334],"class_list":["post-1755471","post","type-post","status-publish","format-standard","hentry","category-institucional","tag-educacion","tag-educacion-social","tag-estudiantes","tag-paz","tag-presentacion"],"_links":{"self":[{"href":"https:\/\/www.upo.es\/diario\/wp-json\/wp\/v2\/posts\/1755471","targetHints":{"allow":["GET"]}}],"collection":[{"href":"https:\/\/www.upo.es\/diario\/wp-json\/wp\/v2\/posts"}],"about":[{"href":"https:\/\/www.upo.es\/diario\/wp-json\/wp\/v2\/types\/post"}],"author":[{"embeddable":true,"href":"https:\/\/www.upo.es\/diario\/wp-json\/wp\/v2\/users\/2"}],"replies":[{"embeddable":true,"href":"https:\/\/www.upo.es\/diario\/wp-json\/wp\/v2\/comments?post=1755471"}],"version-history":[{"count":6,"href":"https:\/\/www.upo.es\/diario\/wp-json\/wp\/v2\/posts\/1755471\/revisions"}],"predecessor-version":[{"id":1755476,"href":"https:\/\/www.upo.es\/diario\/wp-json\/wp\/v2\/posts\/1755471\/revisions\/1755476"}],"wp:attachment":[{"href":"https:\/\/www.upo.es\/diario\/wp-json\/wp\/v2\/media?parent=1755471"}],"wp:term":[{"taxonomy":"category","embeddable":true,"href":"https:\/\/www.upo.es\/diario\/wp-json\/wp\/v2\/categories?post=1755471"},{"taxonomy":"post_tag","embeddable":true,"href":"https:\/\/www.upo.es\/diario\/wp-json\/wp\/v2\/tags?post=1755471"}],"curies":[{"name":"wp","href":"https:\/\/api.w.org\/{rel}","templated":true}]}}