{"id":1755473,"date":"2013-10-10T12:15:56","date_gmt":"2013-10-10T12:15:56","guid":{"rendered":"https:\/\/www.upo.es\/diario\/?p=1755473"},"modified":"2013-10-16T08:14:37","modified_gmt":"2013-10-16T08:14:37","slug":"la-fundacion-universidad-sociedad-convoca-35-practicas-en-empresas-de-6-paises-europeos-para-titulados-universitarios","status":"publish","type":"post","link":"https:\/\/www.upo.es\/diario\/institucional\/2013\/10\/la-fundacion-universidad-sociedad-convoca-35-practicas-en-empresas-de-6-paises-europeos-para-titulados-universitarios\/","title":{"rendered":"La Fundaci\u00f3n Universidad-Sociedad convoca 35 pr\u00e1cticas en empresas de 6 pa\u00edses europeos para titulados universitarios"},"content":{"rendered":"<figure id=\"attachment_1797862\" aria-describedby=\"caption-attachment-1797862\" style=\"width: 188px\" class=\"wp-caption alignright\"><a href=\"https:\/\/www.upo.es\/diario\/wp-content\/uploads\/2013\/10\/leonardo.gif\"><img loading=\"lazy\" decoding=\"async\" class=\"size-full wp-image-1797862\" alt=\"Programa de aprendizaje permanente 'Leonardo da Vinci'\" src=\"https:\/\/www.upo.es\/diario\/wp-content\/uploads\/2013\/10\/leonardo.gif\" width=\"188\" height=\"156\" \/><\/a><figcaption id=\"caption-attachment-1797862\" class=\"wp-caption-text\">Estas pr\u00e1cticas est\u00e1n dirigidas a titulados universitarios que hayan obtenido su t\u00edtulo en los \u00faltimos 3 a\u00f1os<\/figcaption><\/figure>\n<p>La Fundaci\u00f3n Universidad-Sociedad de la Universidad Pablo de Olavide public\u00f3 el pasado 7 de octubre, una <strong>nueva convocatoria de pr\u00e1cticas en empresas europeas a trav\u00e9s de proyecto Marco Polo<\/strong>, que se enmarca dentro del Programa Leonardo da Vinci perteneciente al Organismo Aut\u00f3nomo de Programas Educativos Europeos (OAPEE), adscrito al Ministerio de Educaci\u00f3n y Ciencia.<\/p>\n<p>En esta nueva convocatoria se ofertan 35 pr\u00e1cticas profesionales en empresas que se desarrollar\u00e1n en seis pa\u00edses europeos. En concreto, las plazas se reparten de la siguiente forma: <strong>5 becas en Alemania, 8 en Francia, 3 en Reino Unido, 5 en Irlanda, 7 en Italia y 7 en Portugal<\/strong>.<\/p>\n<p>Estas pr\u00e1cticas est\u00e1n dirigidas a titulados universitarios de la Universidad Pablo de Olavide de Sevilla que hayan obtenido su t\u00edtulo en los \u00faltimos 3 a\u00f1os y\/o que hayan realizado alg\u00fan m\u00e1ster oficial de la UPO, con un l\u00edmite de edad de 30 a\u00f1os; que est\u00e9n inscritos en el SAE como demandante de empleo con fecha previa al disfrute de la beca; que no disfruten simult\u00e1neamente de otra ayuda oficial procedente de fondos europeos o hayan realizado una beca de pr\u00e1cticas del Programa Leonardo da Vinci con anterioridad.<\/p>\n<p>Adem\u00e1s, los seleccionados deber\u00e1n acreditar un nivel medio-alto del idioma del pa\u00eds en el que desean realizar las pr\u00e1cticas o del idioma de trabajo requerido para ese destino, exigi\u00e9ndose como m\u00ednimo un nivel B1; tendr\u00e1n que estar dados de alta en \u00cdcaro y tener nacionalidad espa\u00f1ola o ser nacional de un pa\u00eds miembro de la Uni\u00f3n Europea.<\/p>\n<p>Las solicitudes, junto con el resto de documentaci\u00f3n requerida, deben presentarse en el Registro de la Universidad Pablo de Olavide, ubicado en el Edificio Celestino Mutis (planta baja), y el plazo finaliza el pr\u00f3ximo 31 de octubre.<\/p>\n<p>Para informar a todos aquellos interesados en participar en esta convocatoria, la Fundaci\u00f3n ha organizado una <strong>sesi\u00f3n informativa que se celebrar\u00e1 el pr\u00f3ximo jueves, 17 de octubre<\/strong>, en la sala de grados del edificio 7 de 10:00 a 13:00 horas. Esta sesi\u00f3n ser\u00e1 impartida por t\u00e9cnicos de la Fundaci\u00f3n, quienes explicar\u00e1n en qu\u00e9 consisten estas pr\u00e1cticas y c\u00f3mo se desarrollan. La asistencia a esta sesi\u00f3n ser\u00e1 puntuable en el proceso de selecci\u00f3n de esta convocatoria de becas Leonardo da Vinci.<\/p>\n<p>Las pr\u00e1cticas tienen una duraci\u00f3n total de 14 semanas, de las cuales, al menos 13 ser\u00e1n para las pr\u00e1cticas en empresa y el resto para un curso de formaci\u00f3n ling\u00fc\u00edstica y socio-cultural en el pa\u00eds de destino. Estas becas cubren el desplazamiento de ida y vuelta desde el aeropuerto de salida al lugar de destino, el alojamiento, el curso de preparaci\u00f3n ling\u00fc\u00edstica y conocimiento socio cultural, el seguro de accidentes y responsabilidad civil y la tutorizaci\u00f3n individualizada. Adem\u00e1s, los seleccionados cuentan con una ayuda econ\u00f3mica m\u00ednima de 525 euros en concepto de \u201cdinero de bolsillo\u201d para cubrir algunos gastos ocasionados durante la estancia.<\/p>\n<p>Para completar la informaci\u00f3n, los interesados pueden acceder a la convocatoria completa, anexos y consultar la documentaci\u00f3n necesaria en el siguiente enlace: <a href=\"http:\/\/www.fundaciones.upo.es\/web\/fundacion-universidad-sociedad\/tablon-de-noticias\">http:\/\/www.fundaciones.upo.es\/web\/fundacion-universidad-sociedad\/tablon-de-noticias<\/a><\/p>\n","protected":false},"excerpt":{"rendered":"<p>En esta nueva convocatoria se ofertan 35 pr\u00e1cticas profesionales en empresas que se desarrollar\u00e1n en seis pa\u00edses europeos. En concreto, las plazas se reparten de la siguiente forma: 5 becas en Alemania, 8 en Francia, 3 en Reino Unido, 5 en Irlanda, 7 en Italia y 7 en Portugal.<\/p>\n","protected":false},"author":6,"featured_media":0,"comment_status":"closed","ping_status":"open","sticky":false,"template":"","format":"standard","meta":{"_monsterinsights_skip_tracking":false,"_monsterinsights_sitenote_active":false,"_monsterinsights_sitenote_note":"","_monsterinsights_sitenote_category":0,"footnotes":""},"categories":[6],"tags":[64,66,21,454,47,244,65],"class_list":["post-1755473","post","type-post","status-publish","format-standard","hentry","category-institucional","tag-becas","tag-empresa","tag-estudiantes","tag-europa","tag-fundaciones","tag-ministerio-de-educacion","tag-practicas"],"_links":{"self":[{"href":"https:\/\/www.upo.es\/diario\/wp-json\/wp\/v2\/posts\/1755473","targetHints":{"allow":["GET"]}}],"collection":[{"href":"https:\/\/www.upo.es\/diario\/wp-json\/wp\/v2\/posts"}],"about":[{"href":"https:\/\/www.upo.es\/diario\/wp-json\/wp\/v2\/types\/post"}],"author":[{"embeddable":true,"href":"https:\/\/www.upo.es\/diario\/wp-json\/wp\/v2\/users\/6"}],"replies":[{"embeddable":true,"href":"https:\/\/www.upo.es\/diario\/wp-json\/wp\/v2\/comments?post=1755473"}],"version-history":[{"count":4,"href":"https:\/\/www.upo.es\/diario\/wp-json\/wp\/v2\/posts\/1755473\/revisions"}],"predecessor-version":[{"id":1797863,"href":"https:\/\/www.upo.es\/diario\/wp-json\/wp\/v2\/posts\/1755473\/revisions\/1797863"}],"wp:attachment":[{"href":"https:\/\/www.upo.es\/diario\/wp-json\/wp\/v2\/media?parent=1755473"}],"wp:term":[{"taxonomy":"category","embeddable":true,"href":"https:\/\/www.upo.es\/diario\/wp-json\/wp\/v2\/categories?post=1755473"},{"taxonomy":"post_tag","embeddable":true,"href":"https:\/\/www.upo.es\/diario\/wp-json\/wp\/v2\/tags?post=1755473"}],"curies":[{"name":"wp","href":"https:\/\/api.w.org\/{rel}","templated":true}]}}