{"id":17582065,"date":"2017-01-10T00:27:31","date_gmt":"2017-01-10T00:27:31","guid":{"rendered":"https:\/\/www.upo.es\/diario\/?p=17582065"},"modified":"2017-01-13T08:06:23","modified_gmt":"2017-01-13T08:06:23","slug":"manana-conferencia-de-juan-moya-yoldi-sobre-la-valoracion-de-las-empresas-2","status":"publish","type":"post","link":"https:\/\/www.upo.es\/diario\/institucional\/2017\/01\/manana-conferencia-de-juan-moya-yoldi-sobre-la-valoracion-de-las-empresas-2\/","title":{"rendered":"Ma\u00f1ana, conferencia de Juan Moya Yoldi sobre la valoraci\u00f3n de las empresas"},"content":{"rendered":"<figure id=\"attachment_17582066\" aria-describedby=\"caption-attachment-17582066\" style=\"width: 213px\" class=\"wp-caption alignright\"><a href=\"https:\/\/www.upo.es\/diario\/wp-content\/uploads\/2017\/01\/JuanMoya.jpg\"><img loading=\"lazy\" decoding=\"async\" class=\"size-medium wp-image-17582066\" alt=\"Juan Moya Yoldi, CFO de Pers\u00e1n.\" src=\"https:\/\/www.upo.es\/diario\/wp-content\/uploads\/2017\/01\/JuanMoya-213x320.jpg\" width=\"213\" height=\"320\" srcset=\"https:\/\/www.upo.es\/diario\/wp-content\/uploads\/2017\/01\/JuanMoya-213x320.jpg 213w, https:\/\/www.upo.es\/diario\/wp-content\/uploads\/2017\/01\/JuanMoya.jpg 256w\" sizes=\"auto, (max-width: 213px) 100vw, 213px\" \/><\/a><figcaption id=\"caption-attachment-17582066\" class=\"wp-caption-text\">Juan Moya Yoldi, CFO de Pers\u00e1n.<\/figcaption><\/figure>\n<p style=\"text-align: justify;\">Ma\u00f1ana mi\u00e9rcoles 11 de enero, a las 16 horas en el aula 1.01 del edificio 45 de la Universidad Pablo de Olavide, se celebrar\u00e1 la conferencia \u201cValoraci\u00f3n de empresas\u201d impartida por Juan Moya Yoldi, chief financial officer de Pers\u00e1n. Esta sesi\u00f3n, organizada por el m\u00e1ster universitario en Finanzas y Banca de la UPO, volver\u00e1 a impartirse el pr\u00f3ximo jueves, 12 de enero.<\/p>\n<p style=\"text-align: justify;\">En esta conferencia, Juan Moya abordar\u00e1 el \u00e1mbito de la valoraci\u00f3n de empresas respondiendo a cuestiones tales como por qu\u00e9 compramos, qu\u00e9 compramos y para qu\u00e9. A tal efecto, focalizar\u00e1 parte de su clase en explicar la diferencia entre el concepto de precio, entendido como lo que lo que alguien ha pagado por algo y el de valor, sustentado en el aprecio que tenemos a algo. Una vez motivado el objeto de la valoraci\u00f3n, y ya desde una perspectiva m\u00e1s t\u00e9cnica analizar\u00e1 las principales metodolog\u00edas de valoraci\u00f3n, haciendo especial hincapi\u00e9 en el valor patrimonial, descuento de flujos de caja, comparaci\u00f3n o m\u00faltiplos.<\/p>\n<p style=\"text-align: justify;\"><b>Juan Moya Yoldi<\/b>, es CFO (chief financial officer) y miembro del Consejo de Administraci\u00f3n de Pers\u00e1n,\u00a0 grupo industrial sevillano de referencia. Tras su paso como auditor senior de la firma Deloitte, Juan Moya se incorpora, en 2008, a la empresa familiar Pers\u00e1n, como director Financiero y de Sistemas de Informaci\u00f3n. Su excelente trayectoria profesional le ha valido para estar entre los 100 mejores directores financieros de Espa\u00f1a, seg\u00fan el ranking establecido por la revista Actualidad Econ\u00f3mica y la consultora KPMG.<\/p>\n<p style=\"text-align: justify;\">El <a href=\"http:\/\/www.upo.es\/postgrado\/Master-Oficial-Finanzas-y-Banca\">m\u00e1ster universitario en Finanzas y Banca<\/a> de la UPO, dirigido por el profesor Enrique Jim\u00e9nez, tiene como objetivo proporcionar a los estudiantes conocimientos avanzados en el \u00e1mbito financiero y en aspectos diversos de la gesti\u00f3n empresarial y bancaria. Este m\u00e1ster est\u00e1 concebido para que los postgraduados adquieran las competencias y conocimientos necesarios para acceder o desarrollar empleos de calidad relacionados con la direcci\u00f3n financiera en cualquier tipo de organizaci\u00f3n, prestando especial atenci\u00f3n a los aspectos relacionados con la correcta gesti\u00f3n de las entidades de cr\u00e9dito; sector que ha sufrido una profunda transformaci\u00f3n en estos \u00faltimos a\u00f1os.<\/p>\n","protected":false},"excerpt":{"rendered":"<p>Ma\u00f1ana mi\u00e9rcoles 11 de enero, a las 16 horas en el aula 1.01 del edificio 45 de la Universidad Pablo de Olavide, se celebrar\u00e1 la conferencia \u201cValoraci\u00f3n de empresas\u201d impartida por Juan Moya Yoldi, chief financial officer de Pers\u00e1n. Esta sesi\u00f3n, organizada por el m\u00e1ster universitario en Finanzas y Banca de la UPO, volver\u00e1 a impartirse el pr\u00f3ximo jueves, 12 de enero.<\/p>\n","protected":false},"author":4,"featured_media":0,"comment_status":"closed","ping_status":"open","sticky":false,"template":"","format":"standard","meta":{"_monsterinsights_skip_tracking":false,"_monsterinsights_sitenote_active":false,"_monsterinsights_sitenote_note":"","_monsterinsights_sitenote_category":0,"footnotes":""},"categories":[6],"tags":[66,2889,1269,2625],"class_list":["post-17582065","post","type-post","status-publish","format-standard","hentry","category-institucional","tag-empresa","tag-juan-moya","tag-master-en-finanzas-y-banca","tag-persan"],"_links":{"self":[{"href":"https:\/\/www.upo.es\/diario\/wp-json\/wp\/v2\/posts\/17582065","targetHints":{"allow":["GET"]}}],"collection":[{"href":"https:\/\/www.upo.es\/diario\/wp-json\/wp\/v2\/posts"}],"about":[{"href":"https:\/\/www.upo.es\/diario\/wp-json\/wp\/v2\/types\/post"}],"author":[{"embeddable":true,"href":"https:\/\/www.upo.es\/diario\/wp-json\/wp\/v2\/users\/4"}],"replies":[{"embeddable":true,"href":"https:\/\/www.upo.es\/diario\/wp-json\/wp\/v2\/comments?post=17582065"}],"version-history":[{"count":9,"href":"https:\/\/www.upo.es\/diario\/wp-json\/wp\/v2\/posts\/17582065\/revisions"}],"predecessor-version":[{"id":17641404,"href":"https:\/\/www.upo.es\/diario\/wp-json\/wp\/v2\/posts\/17582065\/revisions\/17641404"}],"wp:attachment":[{"href":"https:\/\/www.upo.es\/diario\/wp-json\/wp\/v2\/media?parent=17582065"}],"wp:term":[{"taxonomy":"category","embeddable":true,"href":"https:\/\/www.upo.es\/diario\/wp-json\/wp\/v2\/categories?post=17582065"},{"taxonomy":"post_tag","embeddable":true,"href":"https:\/\/www.upo.es\/diario\/wp-json\/wp\/v2\/tags?post=17582065"}],"curies":[{"name":"wp","href":"https:\/\/api.w.org\/{rel}","templated":true}]}}