{"id":17622392,"date":"2017-01-13T06:42:47","date_gmt":"2017-01-13T06:42:47","guid":{"rendered":"https:\/\/www.upo.es\/diario\/?p=17622392"},"modified":"2017-01-13T14:10:11","modified_gmt":"2017-01-13T14:10:11","slug":"manana-viernes-tercera-sesion-del-ciclo-de-conferencia-nodo-atlantico-coredexpolycentricstates","status":"publish","type":"post","link":"https:\/\/www.upo.es\/diario\/institucional\/2017\/01\/manana-viernes-tercera-sesion-del-ciclo-de-conferencia-nodo-atlantico-coredexpolycentricstates\/","title":{"rendered":"Tercera sesi\u00f3n del ciclo de conferencia \u00abNodo Atl\u00e1ntico-Coredex\/Polycentricstates\u00bb"},"content":{"rendered":"<figure id=\"attachment_17622393\" aria-describedby=\"caption-attachment-17622393\" style=\"width: 320px\" class=\"wp-caption alignright\"><a href=\"https:\/\/www.upo.es\/diario\/wp-content\/uploads\/2017\/01\/cicloHistoriaModerna.jpg\"><img loading=\"lazy\" decoding=\"async\" class=\"size-medium wp-image-17622393\" alt=\"Segunda sesi\u00f3n el 13 de enero a las 16 horas en la Escuela de Estudios Hispano-Americanos.\" src=\"https:\/\/www.upo.es\/diario\/wp-content\/uploads\/2017\/01\/cicloHistoriaModerna-320x195.jpg\" width=\"320\" height=\"195\" srcset=\"https:\/\/www.upo.es\/diario\/wp-content\/uploads\/2017\/01\/cicloHistoriaModerna-320x195.jpg 320w, https:\/\/www.upo.es\/diario\/wp-content\/uploads\/2017\/01\/cicloHistoriaModerna-600x366.jpg 600w\" sizes=\"auto, (max-width: 320px) 100vw, 320px\" \/><\/a><figcaption id=\"caption-attachment-17622393\" class=\"wp-caption-text\">Segunda sesi\u00f3n el 13 de enero a las 16 horas en la Escuela de Estudios Hispano-Americanos.<\/figcaption><\/figure>\n<p style=\"text-align: justify;\">Hoy viernes 13 de enero, a las 16 horas en la en la sala Calder\u00f3n Quijano de la Escuela de Estudios Hispano-Americanos (C\/ Alfonso XII, 16), se celebrar\u00e1 la tercera sesi\u00f3n del <b>ciclo de conferencias \u201cNodo Atl\u00e1ntico-Coredex\/Polycentricstates\u201d<\/b> organizado por el \u00c1rea de Historia Moderna de la Universidad Pablo de Olavide con la colaboraci\u00f3n de Universidad de Murcia y la Escuela de Estudios Hispano-Americanos. La entrada es libre hasta completar el aforo.<\/p>\n<p style=\"text-align: justify;\">En esta sesi\u00f3n participar\u00e1 la profesora Renate Pieper de la Karl-Franzens-Universit\u00e4t Graz con la conferencia \u201cLos retos de escribir una historia (econ\u00f3mica) de Am\u00e9rica Latina\u201d.<\/p>\n<p style=\"text-align: justify;\">El objetivo de este ciclo de conferencias, que se compone de un total de nueve sesiones que se celebrar\u00e1n hasta el mes de junio, es discutir sobre m\u00e9todos y nuevas l\u00edneas de investigaci\u00f3n en el \u00e1mbito de la Historia Moderna desde una perspectiva interdisciplinar.<\/p>\n<p style=\"text-align: justify;\">El ciclo de conferencias \u201cNodo Atl\u00e1ntico-Coredex\/Polycentricstates\u201d est\u00e1 vinculado al <a href=\"https:\/\/www.upo.es\/postgrado\/Doctorado-Historia-y-Estudios-Humanisticos-Europa-America-Arte-y-Lenguas\">doctorado en Historia y Estudios Human\u00edsticos: Europa, Arte y Lenguas<\/a> de la UPO y al Nodo Atl\u00e1ntico de la red de Excelencia Columnaria-Coredex, as\u00ed como al proyecto Polycentricstates. Asimismo, cuenta con la financiaci\u00f3n del Centros de Estudios de Postgrado de la UPO (CEDEP) y la colaboraci\u00f3n de la <a href=\"http:\/\/revistadehistoriaeufrates.blogspot.com.es\/\">revista \u00c9ufrates<\/a>, puesta en marcha por un grupo de egresados del grado de Geograf\u00eda e Historia de la UPO.<\/p>\n<p><a href=\"http:\/\/crisantemo.upo.es\/export\/portal\/com\/bin\/portal\/fhum\/noticias\/Ciclo_de_Conferencias_Nodo_Atlantico\/1478590974076_cartel-ciclo2017_programa_300.pdf\">Programa Ciclo de Conferencias \u201cNodo Atl\u00e1ntico-Coredex\/Polycentricstates<\/a><\/p>\n","protected":false},"excerpt":{"rendered":"<p>En esta sesi\u00f3n participar\u00e1 la profesora Renate Pieper de la Karl-Franzens-Universit\u00e4t Graz con la conferencia \u201cLos retos de escribir una historia (econ\u00f3mica) de Am\u00e9rica Latina\u201d.<\/p>\n","protected":false},"author":4,"featured_media":0,"comment_status":"closed","ping_status":"open","sticky":false,"template":"","format":"standard","meta":{"_monsterinsights_skip_tracking":false,"_monsterinsights_sitenote_active":false,"_monsterinsights_sitenote_note":"","_monsterinsights_sitenote_category":0,"footnotes":""},"categories":[6],"tags":[1516,1110,1113,1037,2970],"class_list":["post-17622392","post","type-post","status-publish","format-standard","hentry","category-institucional","tag-area-de-historia-moderna","tag-ciclo-de-conferencias","tag-eeha","tag-escuela-de-estudios-hispano-americanos","tag-nodo-atlantico"],"_links":{"self":[{"href":"https:\/\/www.upo.es\/diario\/wp-json\/wp\/v2\/posts\/17622392","targetHints":{"allow":["GET"]}}],"collection":[{"href":"https:\/\/www.upo.es\/diario\/wp-json\/wp\/v2\/posts"}],"about":[{"href":"https:\/\/www.upo.es\/diario\/wp-json\/wp\/v2\/types\/post"}],"author":[{"embeddable":true,"href":"https:\/\/www.upo.es\/diario\/wp-json\/wp\/v2\/users\/4"}],"replies":[{"embeddable":true,"href":"https:\/\/www.upo.es\/diario\/wp-json\/wp\/v2\/comments?post=17622392"}],"version-history":[{"count":5,"href":"https:\/\/www.upo.es\/diario\/wp-json\/wp\/v2\/posts\/17622392\/revisions"}],"predecessor-version":[{"id":17646623,"href":"https:\/\/www.upo.es\/diario\/wp-json\/wp\/v2\/posts\/17622392\/revisions\/17646623"}],"wp:attachment":[{"href":"https:\/\/www.upo.es\/diario\/wp-json\/wp\/v2\/media?parent=17622392"}],"wp:term":[{"taxonomy":"category","embeddable":true,"href":"https:\/\/www.upo.es\/diario\/wp-json\/wp\/v2\/categories?post=17622392"},{"taxonomy":"post_tag","embeddable":true,"href":"https:\/\/www.upo.es\/diario\/wp-json\/wp\/v2\/tags?post=17622392"}],"curies":[{"name":"wp","href":"https:\/\/api.w.org\/{rel}","templated":true}]}}