{"id":17624135,"date":"2017-01-13T10:22:37","date_gmt":"2017-01-13T10:22:37","guid":{"rendered":"https:\/\/www.upo.es\/diario\/?p=17624135"},"modified":"2017-01-16T08:31:29","modified_gmt":"2017-01-16T08:31:29","slug":"vicente-guzman-inaugura-manana-el-master-universitario-en-historia-y-humanidades-digitales","status":"publish","type":"post","link":"https:\/\/www.upo.es\/diario\/docencia-formacion\/2017\/01\/vicente-guzman-inaugura-manana-el-master-universitario-en-historia-y-humanidades-digitales\/","title":{"rendered":"Comienza el M\u00e1ster Universitario en Historia y Humanidades Digitales"},"content":{"rendered":"<figure id=\"attachment_17644886\" aria-describedby=\"caption-attachment-17644886\" style=\"width: 600px\" class=\"wp-caption aligncenter\"><a href=\"https:\/\/www.upo.es\/diario\/wp-content\/uploads\/2017\/01\/Master-Hum-Digital_20170113.jpg\"><img loading=\"lazy\" decoding=\"async\" class=\"size-large wp-image-17644886\" alt=\"De izquierda a derecha: Jean-Pierre Dedieu, Bartolom\u00e9 Yun,  Vicente Guzm\u00e1n, Natalia Maillard y Jos\u00e9 Vel\u00e1zquez\" src=\"https:\/\/www.upo.es\/diario\/wp-content\/uploads\/2017\/01\/Master-Hum-Digital_20170113-600x337.jpg\" width=\"600\" height=\"337\" srcset=\"https:\/\/www.upo.es\/diario\/wp-content\/uploads\/2017\/01\/Master-Hum-Digital_20170113-600x337.jpg 600w, https:\/\/www.upo.es\/diario\/wp-content\/uploads\/2017\/01\/Master-Hum-Digital_20170113-320x179.jpg 320w\" sizes=\"auto, (max-width: 600px) 100vw, 600px\" \/><\/a><figcaption id=\"caption-attachment-17644886\" class=\"wp-caption-text\">De izquierda a derecha: Jean-Pierre Dedieu, Bartolom\u00e9 Yun, Vicente Guzm\u00e1n, Natalia Maillard y Jos\u00e9 Vel\u00e1zquez<\/figcaption><\/figure>\n<p>Esta ma\u00f1ana ha sido inaugurado,<strong>en la sala de grados de la Biblioteca<\/strong> de la Universidad Pablo de Olavide, \u00a0la <a href=\"http:\/\/www.upo.es\/postgrado\/Master-Oficial-Historia-y-Humanidades-Digitales\">I edici\u00f3n del M\u00e1ster Universitario en Historia y Humanidades Digitales<\/a>. El rector Vicente Guzm\u00e1n, acompa\u00f1ado de Bartolom\u00e9 Yun, director del m\u00e1ster, y Natalia Maillard, coordinadora acad\u00e9mica del mismo, ha dado comienzo a este nuevo t\u00edtulo oficial de postgrado de la UPO.<\/p>\n<p><a href=\"https:\/\/www.upo.es\/diario\/wp-content\/uploads\/2017\/01\/hist-hum-digitales.jpg\"><img loading=\"lazy\" decoding=\"async\" class=\"alignright size-medium wp-image-17624136\" alt=\"M\u00e1ster Universitario en Historia y Humanidades Digitales\" src=\"https:\/\/www.upo.es\/diario\/wp-content\/uploads\/2017\/01\/hist-hum-digitales-320x292.jpg\" width=\"320\" height=\"292\" srcset=\"https:\/\/www.upo.es\/diario\/wp-content\/uploads\/2017\/01\/hist-hum-digitales-320x292.jpg 320w, https:\/\/www.upo.es\/diario\/wp-content\/uploads\/2017\/01\/hist-hum-digitales.jpg 583w\" sizes=\"auto, (max-width: 320px) 100vw, 320px\" \/><\/a>El M\u00e1ster en Historia y Humanidades Digitales nace <strong>con el objetivo de formar en el uso de las nuevas tecnolog\u00edas en la divulgaci\u00f3n del conocimiento human\u00edstico y para la docencia as\u00ed como formar a buenos investigadores<\/strong>, ya que este campo se est\u00e1 viendo revolucionado por la digitalizaci\u00f3n. Las nuevas tecnolog\u00edas no solo est\u00e1n cambiando el mundo sino tambi\u00e9n las formas en que nos acercamos al pasado y la manera en que difundimos y ense\u00f1amos las humanidades.<\/p>\n<p>En la sesi\u00f3n inaugural del m\u00e1ster han intervenido\u00a0<strong>Jean-Pierre Dedieu<\/strong>, historiador especializado en Historia Moderna de Espa\u00f1a e Hispanoam\u00e9rica y pionero en la introducci\u00f3n de las t\u00e9cnicas inform\u00e1ticas en la investigaci\u00f3n hist\u00f3rica, quien hablar\u00e1 sobre \u2018Hacer historia en la era digital\u2019; y <strong>Jos\u00e9 Vel\u00e1zquez<\/strong>, experto en producci\u00f3n digital creativa y archivos digitales, actualmente trabaja en IBM desarrollando soluciones cognitivas, con la ponencia \u2018Digitalizaci\u00f3n cognitiva\u2019.<\/p>\n<p>&nbsp;<\/p>\n","protected":false},"excerpt":{"rendered":"<p>El M\u00e1ster en Historia y Humanidades Digitales nace con el objetivo de formar en el uso de las nuevas tecnolog\u00edas en la divulgaci\u00f3n del conocimiento human\u00edstico y para la docencia as\u00ed como formar a buenos investigadores, ya que este campo se est\u00e1 viendo revolucionado por la digitalizaci\u00f3n. Las nuevas tecnolog\u00edas no solo est\u00e1n cambiando el mundo sino tambi\u00e9n las formas en que nos acercamos al pasado y la manera en que difundimos y ense\u00f1amos las humanidades.<\/p>\n","protected":false},"author":6,"featured_media":0,"comment_status":"closed","ping_status":"open","sticky":false,"template":"","format":"standard","meta":{"_monsterinsights_skip_tracking":false,"_monsterinsights_sitenote_active":false,"_monsterinsights_sitenote_note":"","_monsterinsights_sitenote_category":0,"footnotes":""},"categories":[2779],"tags":[614,2406,1973,609,150,132,349,56,118,1577,217,82,2392,1340],"class_list":["post-17624135","post","type-post","status-publish","format-standard","hentry","category-docencia-formacion","tag-cedep","tag-digital","tag-docencia","tag-especializacion","tag-historia","tag-humanidades","tag-inauguracion","tag-investigacion","tag-master","tag-master-universitario","tag-nuevas-tecnologias","tag-postgrado","tag-titulo-oficial","tag-vicente-guzman"],"_links":{"self":[{"href":"https:\/\/www.upo.es\/diario\/wp-json\/wp\/v2\/posts\/17624135","targetHints":{"allow":["GET"]}}],"collection":[{"href":"https:\/\/www.upo.es\/diario\/wp-json\/wp\/v2\/posts"}],"about":[{"href":"https:\/\/www.upo.es\/diario\/wp-json\/wp\/v2\/types\/post"}],"author":[{"embeddable":true,"href":"https:\/\/www.upo.es\/diario\/wp-json\/wp\/v2\/users\/6"}],"replies":[{"embeddable":true,"href":"https:\/\/www.upo.es\/diario\/wp-json\/wp\/v2\/comments?post=17624135"}],"version-history":[{"count":8,"href":"https:\/\/www.upo.es\/diario\/wp-json\/wp\/v2\/posts\/17624135\/revisions"}],"predecessor-version":[{"id":17703596,"href":"https:\/\/www.upo.es\/diario\/wp-json\/wp\/v2\/posts\/17624135\/revisions\/17703596"}],"wp:attachment":[{"href":"https:\/\/www.upo.es\/diario\/wp-json\/wp\/v2\/media?parent=17624135"}],"wp:term":[{"taxonomy":"category","embeddable":true,"href":"https:\/\/www.upo.es\/diario\/wp-json\/wp\/v2\/categories?post=17624135"},{"taxonomy":"post_tag","embeddable":true,"href":"https:\/\/www.upo.es\/diario\/wp-json\/wp\/v2\/tags?post=17624135"}],"curies":[{"name":"wp","href":"https:\/\/api.w.org\/{rel}","templated":true}]}}