{"id":1762558,"date":"2013-10-11T00:55:39","date_gmt":"2013-10-11T00:55:39","guid":{"rendered":"https:\/\/www.upo.es\/diario\/?p=1762558"},"modified":"2013-10-15T06:36:44","modified_gmt":"2013-10-15T06:36:44","slug":"el-lunes-en-la-upo-charla-sobre-deuda-democracia-y-financiacion-local-alternativas-ciudadanas-a-la-reforma-local","status":"publish","type":"post","link":"https:\/\/www.upo.es\/diario\/institucional\/2013\/10\/el-lunes-en-la-upo-charla-sobre-deuda-democracia-y-financiacion-local-alternativas-ciudadanas-a-la-reforma-local\/","title":{"rendered":"El lunes en la UPO, charla sobre \u201cDeuda, democracia y financiaci\u00f3n local. Alternativas ciudadanas a la reforma local\u201d"},"content":{"rendered":"<figure id=\"attachment_176256\" aria-describedby=\"caption-attachment-176256\" style=\"width: 320px\" class=\"wp-caption alignright\"><a href=\"https:\/\/www.upo.es\/diario\/wp-content\/uploads\/2013\/10\/Charla-deuda-y-financiaci\u00f3n-local-UPO-14-octubre-Sevilla-1.jpg\"><img loading=\"lazy\" decoding=\"async\" class=\"size-medium wp-image-1762564\" alt=\"Charla deuda y financiaci\u00f3n local - UPO 14 octubre Sevilla-1\" src=\"https:\/\/www.upo.es\/diario\/wp-content\/uploads\/2013\/10\/Charla-deuda-y-financiaci\u00f3n-local-UPO-14-octubre-Sevilla-1-320x225.jpg\" width=\"320\" height=\"225\" srcset=\"https:\/\/www.upo.es\/diario\/wp-content\/uploads\/2013\/10\/Charla-deuda-y-financiaci\u00f3n-local-UPO-14-octubre-Sevilla-1-320x225.jpg 320w, https:\/\/www.upo.es\/diario\/wp-content\/uploads\/2013\/10\/Charla-deuda-y-financiaci\u00f3n-local-UPO-14-octubre-Sevilla-1-1024x721.jpg 1024w, https:\/\/www.upo.es\/diario\/wp-content\/uploads\/2013\/10\/Charla-deuda-y-financiaci\u00f3n-local-UPO-14-octubre-Sevilla-1-600x422.jpg 600w\" sizes=\"auto, (max-width: 320px) 100vw, 320px\" \/><\/a><figcaption id=\"caption-attachment-176256\" class=\"wp-caption-text\">Charla celebrada en el marco de la Semana Europea de la Democracia Local<\/figcaption><\/figure>\n<p>El pr\u00f3ximo lunes 14 de octubre, a las 18 horas en el aula 1 del edificio 6 de la Universidad Pablo de Olavide, se celebrar\u00e1 la charla \u201cDeuda, democracia y financiaci\u00f3n local. Alternativas ciudadanas a la reforma local\u201d, que contar\u00e1 con las intervenciones de los economistas Victoriano Su\u00e1rez, secretario de <a href=\"http:\/\/www.attacandalucia.org\/\">ATTAC Andaluc\u00eda<\/a>, y Juan Jos\u00e9 Santiago, miembro de la <a href=\"http:\/\/auditoriaciudadana.net\/\">Plataforma Auditor\u00eda Ciudadana de la Deuda<\/a>.<\/p>\n<p>En la charla se explicar\u00e1 c\u00f3mo funciona la financiaci\u00f3n de los ayuntamientos as\u00ed como la problem\u00e1tica de la deuda p\u00fablica a nivel municipal, intentando quebrar mitos sobre la deuda o la insostenibilidad de las entidades locales. Se tratar\u00e1 tambi\u00e9n la importancia de una financiaci\u00f3n local justa que haga frente a unos servicios p\u00fablicos locales que est\u00e1n siendo puestos en cuesti\u00f3n por el actual proyecto de ley de reforma local (el proyecto de Ley de Racionalizaci\u00f3n y Sostenibilidad de la Administraci\u00f3n Local, actualmente en tr\u00e1mite parlamentario).<\/p>\n<p>Por otro lado, se expondr\u00e1n y debatir\u00e1n algunas alternativas a la reforma local desde la ciudadan\u00eda activa y cr\u00edtica, alternativas encaminadas hacia un municipalismo democr\u00e1tico y de servicio p\u00fablico. Tras la intervenci\u00f3n de los ponentes se abrir\u00e1 un turno de debate entre los asistentes.<\/p>\n<p>La charla, que se celebra en el marco de la Semana Europea de la Democracia Local, una iniciativa del <a href=\"http:\/\/hub.coe.int\/\">Consejo de Europa<\/a>, est\u00e1 organizada por la <a href=\"http:\/\/www.juntadeandalucia.es\/organismos\/administracionlocalyrelacionesinstitucionales.html\">Consejer\u00eda de Administraci\u00f3n Local y Relaciones Institucionales<\/a>.<\/p>\n","protected":false},"excerpt":{"rendered":"<p>El pr\u00f3ximo lunes 14 de octubre, a las 18 horas en el aula 1 del edificio 6 de la Universidad Pablo de Olavide, se celebrar\u00e1 la charla \u201cDeuda, democracia y financiaci\u00f3n local. Alternativas ciudadanas a la reforma local\u201d, que contar\u00e1 con las intervenciones de los economistas Victoriano Su\u00e1rez, secretario de ATTAC Andaluc\u00eda, y Juan Jos\u00e9 Santiago, miembro de la Plataforma Auditor\u00eda Ciudadana de la Deuda. <\/p>\n","protected":false},"author":2,"featured_media":0,"comment_status":"closed","ping_status":"open","sticky":false,"template":"","format":"standard","meta":{"_monsterinsights_skip_tracking":false,"_monsterinsights_sitenote_active":false,"_monsterinsights_sitenote_note":"","_monsterinsights_sitenote_category":0,"footnotes":""},"categories":[6],"tags":[490,901,744,76],"class_list":["post-1762558","post","type-post","status-publish","format-standard","hentry","category-institucional","tag-administracion","tag-charla","tag-democracia","tag-politica"],"_links":{"self":[{"href":"https:\/\/www.upo.es\/diario\/wp-json\/wp\/v2\/posts\/1762558","targetHints":{"allow":["GET"]}}],"collection":[{"href":"https:\/\/www.upo.es\/diario\/wp-json\/wp\/v2\/posts"}],"about":[{"href":"https:\/\/www.upo.es\/diario\/wp-json\/wp\/v2\/types\/post"}],"author":[{"embeddable":true,"href":"https:\/\/www.upo.es\/diario\/wp-json\/wp\/v2\/users\/2"}],"replies":[{"embeddable":true,"href":"https:\/\/www.upo.es\/diario\/wp-json\/wp\/v2\/comments?post=1762558"}],"version-history":[{"count":5,"href":"https:\/\/www.upo.es\/diario\/wp-json\/wp\/v2\/posts\/1762558\/revisions"}],"predecessor-version":[{"id":1789407,"href":"https:\/\/www.upo.es\/diario\/wp-json\/wp\/v2\/posts\/1762558\/revisions\/1789407"}],"wp:attachment":[{"href":"https:\/\/www.upo.es\/diario\/wp-json\/wp\/v2\/media?parent=1762558"}],"wp:term":[{"taxonomy":"category","embeddable":true,"href":"https:\/\/www.upo.es\/diario\/wp-json\/wp\/v2\/categories?post=1762558"},{"taxonomy":"post_tag","embeddable":true,"href":"https:\/\/www.upo.es\/diario\/wp-json\/wp\/v2\/tags?post=1762558"}],"curies":[{"name":"wp","href":"https:\/\/api.w.org\/{rel}","templated":true}]}}