{"id":1762877,"date":"2013-10-11T00:15:09","date_gmt":"2013-10-11T00:15:09","guid":{"rendered":"https:\/\/www.upo.es\/diario\/?p=1762877"},"modified":"2013-10-14T11:39:24","modified_gmt":"2013-10-14T11:39:24","slug":"el-rector-de-la-upo-vicente-guzman-recibe-la-cruz-de-la-orden-del-merito-con-distintivo-blanco-de-la-guardia-civil","status":"publish","type":"post","link":"https:\/\/www.upo.es\/diario\/institucional\/2013\/10\/el-rector-de-la-upo-vicente-guzman-recibe-la-cruz-de-la-orden-del-merito-con-distintivo-blanco-de-la-guardia-civil\/","title":{"rendered":"El rector de la UPO Vicente Guzm\u00e1n recibe la Cruz de la  Orden del M\u00e9rito con distintivo Blanco de la Guardia Civil"},"content":{"rendered":"<figure id=\"attachment_1762878\" aria-describedby=\"caption-attachment-1762878\" style=\"width: 320px\" class=\"wp-caption alignright\"><a href=\"https:\/\/www.upo.es\/diario\/wp-content\/uploads\/2013\/10\/DSC_7633.jpg\"><img loading=\"lazy\" decoding=\"async\" class=\"size-medium wp-image-1762878\" alt=\"El rector de la UPO Vicente Guzm\u00e1n  y el director general de la Guardia Civil, Arsenio Fern\u00e1ndez de la Mesa\" src=\"https:\/\/www.upo.es\/diario\/wp-content\/uploads\/2013\/10\/DSC_7633-320x212.jpg\" width=\"320\" height=\"212\" srcset=\"https:\/\/www.upo.es\/diario\/wp-content\/uploads\/2013\/10\/DSC_7633-320x212.jpg 320w, https:\/\/www.upo.es\/diario\/wp-content\/uploads\/2013\/10\/DSC_7633-1024x680.jpg 1024w, https:\/\/www.upo.es\/diario\/wp-content\/uploads\/2013\/10\/DSC_7633-600x398.jpg 600w\" sizes=\"auto, (max-width: 320px) 100vw, 320px\" \/><\/a><figcaption id=\"caption-attachment-1762878\" class=\"wp-caption-text\">El rector de la UPO Vicente Guzm\u00e1n recibi\u00f3 la distinci\u00f3n de manos del director general de la Guardia Civil, Arsenio Fern\u00e1ndez de la Mesa<\/figcaption><\/figure>\n<p>Vicente Guzm\u00e1n Fluja, rector de la Universidad Pablo de Olavide y catedr\u00e1tico de Derecho Procesal, ha sido condecorado con la Cruz de la Orden del M\u00e9rito con distintivo Blanco de la Guardia Civil, en un acto celebrado esta ma\u00f1ana en la sede de la 4\u00aa Zona de la Guardia Civil situada en la Avenida de la Borbolla en Sevilla, con motivo de la conmemoraci\u00f3n del Aniversario de la Fundaci\u00f3n del Cuerpo y del d\u00eda de su Patrona, la Virgen del Pilar. La distinci\u00f3n le fue impuesta por el director general de la Guardia Civil, Arsenio Fern\u00e1ndez de la Mesa.<\/p>\n<p>Esta distinci\u00f3n se le otorga por hechos o trabajos sobresalientes de car\u00e1cter profesional o cient\u00edfico que supongan un notable prestigio o utilidad para la Guardia Civil. En concreto, en esta concesi\u00f3n se ha tenido en cuenta la labor de Vicente Guzm\u00e1n como rector de la Universidad Pablo de Olavide, fomentando intensamente las estrechas relaciones existentes, aunando v\u00ednculos y promoviendo con su actitud lazos fraternales que en la actualidad se vienen desarrollando y que perduran entre la Universidad y la Guardia Civil, tales como la realizaci\u00f3n de pr\u00e1cticas, en las dependencias de la Guardia Civil, de estudiantes de la Olavide.<\/p>\n<p><b>Vicente Guzm\u00e1n Fluja<\/b>, es rector de la Universidad Pablo de Olavide desde junio del a\u00f1o de 2012, \u00a0catedr\u00e1tico de Derecho Procesal y, del 2001 al 2009, fue secretario general de esta universidad. Licenciado en Derecho por la Universidad de Sevilla, alcanz\u00f3 el grado de doctor por la Universidad Carlos III de Madrid. Ha recibido la medalla al M\u00e9rito de la Universidad Pablo de Olavide y la Cruz de Honor de San Raimundo de Pe\u00f1afort.<\/p>\n<p>Ha impartido docencia en diversos cursos de doctorado y maestr\u00edas, y ponencias en diferentes Congresos y Jornadas, tanto de \u00e1mbito nacional como internacional. Asimismo, ha trabajado como consultor internacional en proyectos de reforma judicial en Centroam\u00e9rica.<\/p>\n<p>Ha sido miembro de la comisi\u00f3n redactora del Proyecto de C\u00f3digo de Procedimientos Civiles de Honduras\u00a0 y de la comisi\u00f3n redactora del Anteproyecto del C\u00f3digo Procesal Civil y Mercantil de El Salvador (ambos en vigor desde 2010), y de la comisi\u00f3n redactora de la Propuesta para una nueva Ley de Enjuiciamiento Criminal que el Ministerio de Justicia public\u00f3 en 2011, tras su aprobaci\u00f3n en Consejo de Ministros, como Anteproyecto de Ley Org\u00e1nica para el desarrollo de los derechos fundamentales vinculados al proceso penal y como Anteproyecto de Ley de Enjuiciamiento Criminal.<\/p>\n<p style=\"text-align: justify;\">Es autor de m\u00faltiples publicaciones que abarcan distintos aspectos del Derecho Procesal, destacando las monograf\u00edas \u201cEl recurso de casaci\u00f3n civil\u201d (1996), \u201cLos derechos procesales del menor de edad en el \u00e1mbito del proceso civil\u201d (con la colaboraci\u00f3n de Raquel Castillejo Manzanares) (2000), y \u201cAnticipaci\u00f3n y preconstituci\u00f3n de la prueba en el proceso penal\u201d (2006), as\u00ed como diversos art\u00edculos como \u201cEl agente encubierto\u201d (2007), \u201cLa responsabilidad civil del menor de edad\u201d (2009), \u201cAppeals\u201d, en Civil Justice in Spain (2009), estudios diversos sobre procedimiento arbitral de consumo (2009 y 2012), \u201cUn nuevo modelo de enjuiciamiento criminal para el siglo XXI\u201d (2013) entre otros.<\/p>\n<p style=\"text-align: justify;\">Esta distinci\u00f3n se le otorga por hechos o trabajos sobresalientes de car\u00e1cter profesional o cient\u00edfico que supongan un notable prestigio o utilidad para la Guardia Civil. En concreto, en esta concesi\u00f3n se ha tenido en cuenta la labor de Vicente Guzm\u00e1n como rector de la Universidad Pablo de Olavide, fomentando intensamente las estrechas relaciones existentes, aunando v\u00ednculos y promoviendo con su actitud lazos fraternales que en la actualidad se vienen desarrollando y que perduran entre la Universidad y la Guardia Civil, tales como la realizaci\u00f3n de pr\u00e1cticas, en las dependencias de la Guardia Civil, de estudiantes de la Olavide.<\/p>\n<p style=\"text-align: justify;\"><b>\u00a0<\/b><\/p>\n","protected":false},"excerpt":{"rendered":"<p>Vicente Guzm\u00e1n Fluja, rector de la Universidad Pablo de Olavide y catedr\u00e1tico de Derecho Procesal, ha sido condecorado con la Cruz de la Orden del M\u00e9rito con distintivo Blanco de la Guardia Civil, en un acto celebrado  en la sede de la 4\u00aa Zona de la Guardia Civil situada en la Avenida de la Borbolla en Sevilla, con motivo de la conmemoraci\u00f3n del Aniversario de la Fundaci\u00f3n del Cuerpo y del d\u00eda de su Patrona, la Virgen del Pilar. La distinci\u00f3n le fue impuesta por el director general de la Guardia Civil, Arsenio Fern\u00e1ndez de la Mesa.<\/p>\n","protected":false},"author":4,"featured_media":0,"comment_status":"closed","ping_status":"open","sticky":false,"template":"","format":"standard","meta":{"_monsterinsights_skip_tracking":false,"_monsterinsights_sitenote_active":false,"_monsterinsights_sitenote_note":"","_monsterinsights_sitenote_category":0,"footnotes":""},"categories":[6],"tags":[921,926,920,38,106],"class_list":["post-1762877","post","type-post","status-publish","format-standard","hentry","category-institucional","tag-cruz-de-la-orden-del-merito","tag-distincion","tag-guardia-civil","tag-rector","tag-vicente-c-guzman"],"_links":{"self":[{"href":"https:\/\/www.upo.es\/diario\/wp-json\/wp\/v2\/posts\/1762877","targetHints":{"allow":["GET"]}}],"collection":[{"href":"https:\/\/www.upo.es\/diario\/wp-json\/wp\/v2\/posts"}],"about":[{"href":"https:\/\/www.upo.es\/diario\/wp-json\/wp\/v2\/types\/post"}],"author":[{"embeddable":true,"href":"https:\/\/www.upo.es\/diario\/wp-json\/wp\/v2\/users\/4"}],"replies":[{"embeddable":true,"href":"https:\/\/www.upo.es\/diario\/wp-json\/wp\/v2\/comments?post=1762877"}],"version-history":[{"count":5,"href":"https:\/\/www.upo.es\/diario\/wp-json\/wp\/v2\/posts\/1762877\/revisions"}],"predecessor-version":[{"id":1783696,"href":"https:\/\/www.upo.es\/diario\/wp-json\/wp\/v2\/posts\/1762877\/revisions\/1783696"}],"wp:attachment":[{"href":"https:\/\/www.upo.es\/diario\/wp-json\/wp\/v2\/media?parent=1762877"}],"wp:term":[{"taxonomy":"category","embeddable":true,"href":"https:\/\/www.upo.es\/diario\/wp-json\/wp\/v2\/categories?post=1762877"},{"taxonomy":"post_tag","embeddable":true,"href":"https:\/\/www.upo.es\/diario\/wp-json\/wp\/v2\/tags?post=1762877"}],"curies":[{"name":"wp","href":"https:\/\/api.w.org\/{rel}","templated":true}]}}