{"id":17727900,"date":"2017-01-18T07:12:20","date_gmt":"2017-01-18T07:12:20","guid":{"rendered":"https:\/\/www.upo.es\/diario\/?p=17727900"},"modified":"2017-01-18T08:06:11","modified_gmt":"2017-01-18T08:06:11","slug":"las-causas-de-la-desafeccion-politica-en-espana-conferencia-de-mariano-torcal-en-la-upo","status":"publish","type":"post","link":"https:\/\/www.upo.es\/diario\/institucional\/2017\/01\/las-causas-de-la-desafeccion-politica-en-espana-conferencia-de-mariano-torcal-en-la-upo\/","title":{"rendered":"Las causas de la desafecci\u00f3n pol\u00edtica en Espa\u00f1a, conferencia de Mariano Torcal en la UPO"},"content":{"rendered":"<p>Hoy mi\u00e9rcoles 18 de enero,<strong> a las 18 horas en el aula B04 del edificio Alexander von Humboldt<\/strong> de la Universidad Pablo de Olavide, <strong>Mariano Torcal impartir\u00e1 la conferencia \u2018La crisis de representaci\u00f3n. Desafecci\u00f3n pol\u00edtica en Espa\u00f1a, tendencias y causas\u2019,<\/strong> en el marco del ciclo de conferencias \u00c1gora del M\u00e1ster Universitario Sociedad, Administraci\u00f3n y Pol\u00edtica.<\/p>\n<p>Mariano Torcal es catedr\u00e1tico de Ciencia Pol\u00edtica en la Universidad Pompeu Fabra y coordinador nacional de la Encuesta Social Europea (ESS), una encuesta cient\u00edfica internacional sobre actitudes y comportamientos pol\u00edticos de los ciudadanos en Europa, de la que la UPF es una de las universidades coordinadoras. Es tambi\u00e9n director del <i>Research and Expertise Centre for Survey Methodology <\/i>(RECSM), un centro de investigaci\u00f3n metodol\u00f3gica sobre encuestas y an\u00e1lisis de datos de la universidad catalana.<\/p>\n<p>El <a href=\"https:\/\/www.upo.es\/postgrado\/Master-Oficial-Sociedad-Administracion-y-Politica\">M\u00e1ster Universitario Sociedad, Administraci\u00f3n y Pol\u00edtica (MUSAP)<\/a> de la UPO, dirigido por Xavier Coller y Jean-Baptiste Harguind\u00e9guy, tiene como objetivo analizar los problemas sociopol\u00edticos actuales derivados de las relaciones cambiantes entre la pol\u00edtica, la administraci\u00f3n y una sociedad en transformaci\u00f3n continua. De este modo, el m\u00f3dulo \u00c1gora es un espacio de deliberaci\u00f3n p\u00fablica en el que acad\u00e9micos de prestigio ofrecen sus reflexiones sobre aspectos relevantes y actuales de la vida social y pol\u00edtica.<\/p>\n<p><iframe loading=\"lazy\" src=\"https:\/\/www.youtube.com\/embed\/7gN7PoKMkM4\" height=\"338\" width=\"600\" allowfullscreen=\"\" frameborder=\"0\"><\/iframe><\/p>\n","protected":false},"excerpt":{"rendered":"<p>Hoy mi\u00e9rcoles 18 de enero, a las 18 horas en el aula B04 del edificio Alexander von Humboldt de la Universidad Pablo de Olavide, Mariano Torcal impartir\u00e1 la conferencia \u2018La crisis de representaci\u00f3n. Desafecci\u00f3n pol\u00edtica en Espa\u00f1a, tendencias y causas\u2019, en el marco del ciclo de conferencias \u00c1gora del M\u00e1ster Universitario Sociedad, Administraci\u00f3n y Pol\u00edtica. <\/p>\n","protected":false},"author":6,"featured_media":0,"comment_status":"closed","ping_status":"open","sticky":false,"template":"","format":"standard","meta":{"_monsterinsights_skip_tracking":false,"_monsterinsights_sitenote_active":false,"_monsterinsights_sitenote_note":"","_monsterinsights_sitenote_category":0,"footnotes":""},"categories":[6],"tags":[67,458,227,1267,1577,394,2210,76,82,1576],"class_list":["post-17727900","post","type-post","status-publish","format-standard","hentry","category-institucional","tag-ciencias-politicas-y-de-la-administracion","tag-ciudadania","tag-conferencia","tag-master-sociedad-administracion-y-politica","tag-master-universitario","tag-participacion-social","tag-partidos-politicos","tag-politica","tag-postgrado","tag-universidad-pompeu-fabra-upf"],"_links":{"self":[{"href":"https:\/\/www.upo.es\/diario\/wp-json\/wp\/v2\/posts\/17727900","targetHints":{"allow":["GET"]}}],"collection":[{"href":"https:\/\/www.upo.es\/diario\/wp-json\/wp\/v2\/posts"}],"about":[{"href":"https:\/\/www.upo.es\/diario\/wp-json\/wp\/v2\/types\/post"}],"author":[{"embeddable":true,"href":"https:\/\/www.upo.es\/diario\/wp-json\/wp\/v2\/users\/6"}],"replies":[{"embeddable":true,"href":"https:\/\/www.upo.es\/diario\/wp-json\/wp\/v2\/comments?post=17727900"}],"version-history":[{"count":3,"href":"https:\/\/www.upo.es\/diario\/wp-json\/wp\/v2\/posts\/17727900\/revisions"}],"predecessor-version":[{"id":17745285,"href":"https:\/\/www.upo.es\/diario\/wp-json\/wp\/v2\/posts\/17727900\/revisions\/17745285"}],"wp:attachment":[{"href":"https:\/\/www.upo.es\/diario\/wp-json\/wp\/v2\/media?parent=17727900"}],"wp:term":[{"taxonomy":"category","embeddable":true,"href":"https:\/\/www.upo.es\/diario\/wp-json\/wp\/v2\/categories?post=17727900"},{"taxonomy":"post_tag","embeddable":true,"href":"https:\/\/www.upo.es\/diario\/wp-json\/wp\/v2\/tags?post=17727900"}],"curies":[{"name":"wp","href":"https:\/\/api.w.org\/{rel}","templated":true}]}}