{"id":17770686,"date":"2017-01-19T00:38:30","date_gmt":"2017-01-19T00:38:30","guid":{"rendered":"https:\/\/www.upo.es\/diario\/?p=17770686"},"modified":"2017-01-25T12:00:25","modified_gmt":"2017-01-25T12:00:25","slug":"mas-de-300-estudiantes-de-secundaria-visitan-el-campus-en-el-marco-de-la-campana-viernes-en-la-upo","status":"publish","type":"post","link":"https:\/\/www.upo.es\/diario\/institucional\/2017\/01\/mas-de-300-estudiantes-de-secundaria-visitan-el-campus-en-el-marco-de-la-campana-viernes-en-la-upo\/","title":{"rendered":"M\u00e1s de 300 estudiantes de secundaria visitan el campus en el marco de la campa\u00f1a \u201cViernes en la UPO\u201d"},"content":{"rendered":"<figure id=\"attachment_2620657\" aria-describedby=\"caption-attachment-2620657\" style=\"width: 600px\" class=\"wp-caption aligncenter\"><img loading=\"lazy\" decoding=\"async\" class=\"size-large wp-image-2620657\" alt=\"Recorrido por el campus de la UPO, acompa\u00f1ados por estudiantes de la propia universidad \" src=\"https:\/\/www.upo.es\/diario\/wp-content\/uploads\/2014\/01\/puertas_abiertas_fp1-1024x682.jpg\" width=\"600\" height=\"399\" srcset=\"https:\/\/www.upo.es\/diario\/wp-content\/uploads\/2014\/01\/puertas_abiertas_fp1-1024x682.jpg 1024w, https:\/\/www.upo.es\/diario\/wp-content\/uploads\/2014\/01\/puertas_abiertas_fp1-320x213.jpg 320w, https:\/\/www.upo.es\/diario\/wp-content\/uploads\/2014\/01\/puertas_abiertas_fp1-600x400.jpg 600w\" sizes=\"auto, (max-width: 600px) 100vw, 600px\" \/><figcaption id=\"caption-attachment-2620657\" class=\"wp-caption-text\">Los alumnos realizar\u00e1n una visita guiada por el campus<\/figcaption><\/figure>\n<p>Ma\u00f1ana viernes 20 de enero, a las 10.00 horas en la Plaza de Am\u00e9rica de la Universidad Pablo de Olavide, se dar\u00e1n cita m\u00e1s de 300 estudiantes de 2\u00ba de Bachillerato del I.E.S. Las Marismas, I.E.S. Virgen de Valme, I.E.S. Chaves Nogales, I.E.S. Camas y del I.E.S. Ram\u00f3n del Valle-Incl\u00e1n, quienes conocer\u00e1n la oferta de estudios de esta universidad as\u00ed como sus instalaciones y las posibilidades que \u00e9stas brindan para su formaci\u00f3n, en el marco de la campa\u00f1a informativa \u201cViernes en la UPO\u201d.<\/p>\n<p>Esta actividad est\u00e1 organizada por el \u00c1rea de Gesti\u00f3n Administrativa de Asistencia al Estudiante de Grado a trav\u00e9s de la Direcci\u00f3n General de Acceso, Difusi\u00f3n y Captaci\u00f3n, perteneciente al Vicerrectorado de Estudiantes de la UPO.<\/p>\n<p>La jornada se organiza en torno a tres actividades que se celebran a lo largo de la ma\u00f1ana. Por un lado, los estudiantes asistir\u00e1n a una charla sobre el acceso a la universidad impartida por la Unidad de Orientaci\u00f3n y Acceso. Despu\u00e9s asistir\u00e1n a unas charlas impartidas por las facultades y la Escuela Polit\u00e9cnica Superior para conocer la oferta acad\u00e9mica de la UPO. Por \u00faltimo, los estudiantes realizar\u00e1n un recorrido por el campus, acompa\u00f1ados por alumnos de la propia universidad p\u00fablica sevillana, donde se les mostrar\u00e1n los distintos espacios de inter\u00e9s general, como la biblioteca o las instalaciones deportivas.<\/p>\n<p>Alrededor de 3.000 alumnos de 60 institutos y centros de educaci\u00f3n secundaria sevillanos, que pronto tendr\u00e1n que elegir carrera universitaria, visitar\u00e1n este curso el campus de la Universidad Pablo de Olavide en el marco de la campa\u00f1a \u201cViernes en la UPO\u201d, que se desarrollar\u00e1 durante 9 viernes entre los meses de enero y marzo de 2017.<\/p>\n","protected":false},"excerpt":{"rendered":"<p>Alrededor de 3.000 alumnos de 60 institutos y centros de educaci\u00f3n secundaria sevillanos, que pronto tendr\u00e1n que elegir carrera universitaria, visitar\u00e1n este curso el campus de la Universidad Pablo de Olavide en el marco de la campa\u00f1a \u201cViernes en la UPO\u201d, que se desarrollar\u00e1 durante 9 viernes entre los meses de enero y marzo de 2017.<\/p>\n","protected":false},"author":6,"featured_media":0,"comment_status":"closed","ping_status":"open","sticky":false,"template":"","format":"standard","meta":{"_monsterinsights_skip_tracking":false,"_monsterinsights_sitenote_active":false,"_monsterinsights_sitenote_note":"","_monsterinsights_sitenote_category":0,"footnotes":""},"categories":[6],"tags":[1363,2051,21,266,230,1382,2114],"class_list":["post-17770686","post","type-post","status-publish","format-standard","hentry","category-institucional","tag-dobles-grados","tag-educacion-secundaria","tag-estudiantes","tag-grados","tag-orientacion","tag-secundaria","tag-vicerrectorado-de-estudiantes"],"_links":{"self":[{"href":"https:\/\/www.upo.es\/diario\/wp-json\/wp\/v2\/posts\/17770686","targetHints":{"allow":["GET"]}}],"collection":[{"href":"https:\/\/www.upo.es\/diario\/wp-json\/wp\/v2\/posts"}],"about":[{"href":"https:\/\/www.upo.es\/diario\/wp-json\/wp\/v2\/types\/post"}],"author":[{"embeddable":true,"href":"https:\/\/www.upo.es\/diario\/wp-json\/wp\/v2\/users\/6"}],"replies":[{"embeddable":true,"href":"https:\/\/www.upo.es\/diario\/wp-json\/wp\/v2\/comments?post=17770686"}],"version-history":[{"count":9,"href":"https:\/\/www.upo.es\/diario\/wp-json\/wp\/v2\/posts\/17770686\/revisions"}],"predecessor-version":[{"id":17896647,"href":"https:\/\/www.upo.es\/diario\/wp-json\/wp\/v2\/posts\/17770686\/revisions\/17896647"}],"wp:attachment":[{"href":"https:\/\/www.upo.es\/diario\/wp-json\/wp\/v2\/media?parent=17770686"}],"wp:term":[{"taxonomy":"category","embeddable":true,"href":"https:\/\/www.upo.es\/diario\/wp-json\/wp\/v2\/categories?post=17770686"},{"taxonomy":"post_tag","embeddable":true,"href":"https:\/\/www.upo.es\/diario\/wp-json\/wp\/v2\/tags?post=17770686"}],"curies":[{"name":"wp","href":"https:\/\/api.w.org\/{rel}","templated":true}]}}