{"id":17790883,"date":"2017-01-23T05:00:21","date_gmt":"2017-01-23T05:00:21","guid":{"rendered":"https:\/\/www.upo.es\/diario\/?p=17790883"},"modified":"2017-01-23T07:49:42","modified_gmt":"2017-01-23T07:49:42","slug":"arranca-la-campana-viernes-en-la-upo","status":"publish","type":"post","link":"https:\/\/www.upo.es\/diario\/institucional\/2017\/01\/arranca-la-campana-viernes-en-la-upo\/","title":{"rendered":"Arranca la campa\u00f1a \u201cViernes en la UPO\u201d"},"content":{"rendered":"<figure id=\"attachment_17790886\" aria-describedby=\"caption-attachment-17790886\" style=\"width: 600px\" class=\"wp-caption aligncenter\"><img loading=\"lazy\" decoding=\"async\" class=\"size-large wp-image-17790886\" alt=\"Mercedes de la Torre, directora general de Acceso, ha dado la bienvenida a los estudiantes en el Paraninfo\" src=\"https:\/\/www.upo.es\/diario\/wp-content\/uploads\/2017\/01\/Visita-Est-Bach-UPO_10-600x400.jpg\" width=\"600\" height=\"400\" srcset=\"https:\/\/www.upo.es\/diario\/wp-content\/uploads\/2017\/01\/Visita-Est-Bach-UPO_10-600x400.jpg 600w, https:\/\/www.upo.es\/diario\/wp-content\/uploads\/2017\/01\/Visita-Est-Bach-UPO_10-320x213.jpg 320w\" sizes=\"auto, (max-width: 600px) 100vw, 600px\" \/><figcaption id=\"caption-attachment-17790886\" class=\"wp-caption-text\">Mercedes de la Torre, directora general de Acceso, ha dado la bienvenida a los estudiantes en el Paraninfo<\/figcaption><\/figure>\n<p><strong>M\u00e1s de 300 estudiantes de 2\u00ba de Bachillerato del I.E.S. Las Marismas, I.E.S. Virgen de Valme, I.E.S. Chaves Nogales, I.E.S. Camas y del I.E.S. Ram\u00f3n del Valle-Incl\u00e1n visitaron el pasado viernes \u00a0la Universidad Pablo de Olavide<\/strong> para conocer la oferta de estudios de esta universidad as\u00ed como sus instalaciones y las posibilidades que \u00e9stas brindan para su formaci\u00f3n.<\/p>\n<p>Esta ha sido la primera de las nueve visitas que se van a celebrar durante los meses de enero, febrero y marzo, en el marco de la <b>campa\u00f1a informativa \u201cViernes en la UPO\u201d<\/b>. As\u00ed, la Universidad Pablo de Olavide recibir\u00e1 a alrededor de 3.000 alumnos de 60 institutos y centros de educaci\u00f3n secundaria sevillanos que pronto tendr\u00e1n que elegir carrera universitaria,<\/p>\n<p>Esta actividad est\u00e1 organizada por el \u00c1rea de Gesti\u00f3n Administrativa de Asistencia al Estudiante de Grado a trav\u00e9s de la Direcci\u00f3n General de Acceso, Difusi\u00f3n y Captaci\u00f3n, perteneciente al Vicerrectorado de Estudiantes de la UPO.<\/p>\n<p>La jornada se organiza en torno a tres actividades que se celebran a lo largo de la ma\u00f1ana. Por un lado, los estudiantes asisten a una charla sobre el acceso a la universidad impartida por la Unidad de Orientaci\u00f3n y Acceso. Despu\u00e9s asisten a unas charlas impartidas por las facultades y la Escuela Polit\u00e9cnica Superior para conocer la oferta acad\u00e9mica de la UPO. Por \u00faltimo, los estudiantes realizan un recorrido por el campus, acompa\u00f1ados por alumnos de la propia universidad p\u00fablica sevillana, donde se les muestran los distintos espacios de inter\u00e9s general, como la biblioteca o las instalaciones deportivas.<\/p>\n<p><b>OFERTA ACAD\u00c9MICA DE LA UPO<\/b><\/p>\n<p>La Universidad Pablo de Olavide ofertar\u00e1 un total de 38 grados para el pr\u00f3ximo curso, de los que 32 titulaciones se impartir\u00e1n en la Olavide y 6 se impartir\u00e1n en el centro adscrito <a href=\"http:\/\/www.centrosanisidoro.es\/\">San Isidoro<\/a> de CEADE.<\/p>\n<p>Las titulaciones ofertadas en la UPO son:<\/p>\n<ul>\n<li><strong>Grados:<\/strong> Humanidades, Traducci\u00f3n e Interpretaci\u00f3n (Ingl\u00e9s, Franc\u00e9s y Alem\u00e1n), Geograf\u00eda e Historia, Derecho, Relaciones Laborales y Recursos Humanos, Ciencias Pol\u00edticas y de la Administraci\u00f3n, Administraci\u00f3n y Direcci\u00f3n de Empresas en espa\u00f1ol y en ingl\u00e9s, Finanzas y Contabilidad, Criminolog\u00eda, An\u00e1lisis Econ\u00f3mico, Trabajo Social, Educaci\u00f3n Social, Ciencias de la Actividad F\u00edsica y del Deporte, Sociolog\u00eda, Biotecnolog\u00eda, Ciencias Ambientales, Ingenier\u00eda Inform\u00e1tica en Sistemas de la Informaci\u00f3n y Nutrici\u00f3n Humana y Diet\u00e9tica.<\/li>\n<li><strong>Dobles grados:<\/strong> Humanidades y Traducci\u00f3n e Interpretaci\u00f3n, Administraci\u00f3n y Direcci\u00f3n de Empresas y Derecho (en espa\u00f1ol y con ADE en ingl\u00e9s), Derecho y Finanzas y Contabilidad, Derecho y Ciencias Pol\u00edticas y de la Administraci\u00f3n, Derecho y Criminolog\u00eda, Derecho y Relaciones Laborales y Recursos Humanos, Ciencias Pol\u00edticas y de la Administraci\u00f3n y Sociolog\u00eda, Trabajo Social y Educaci\u00f3n Social, y Trabajo Social y Sociolog\u00eda.<\/li>\n<li><strong>Doble grado internacional<\/strong> en Derecho por la Universidad de Bayreuth (Alemania) y la Universidad Pablo de Olavide.<\/li>\n<\/ul>\n<p>Por su parte, las titulaciones ofertadas en el <strong>centro adscrito de la UPO San Isidoro<\/strong> de Sevilla son:<\/p>\n<ul>\n<li>Grados: Comunicaci\u00f3n, Ciencias de la Actividad F\u00edsica y del Deporte, Derecho, y Comunicaci\u00f3n Digital, y Administraci\u00f3n y Direcci\u00f3n de Empresas.<\/li>\n<li>Dobles grados: Comunicaci\u00f3n y Comunicaci\u00f3n Digital.<\/li>\n<\/ul>\n<p><a title=\"Visita estudiantes de Bachillerato\" href=\"https:\/\/www.flickr.com\/photos\/pablodeolavide\/albums\/72157675730822883\" data-flickr-embed=\"true\" data-header=\"true\"><img loading=\"lazy\" decoding=\"async\" alt=\"Visita estudiantes de Bachillerato\" src=\"https:\/\/c1.staticflickr.com\/1\/456\/32419822315_c4a8c46ca4.jpg\" width=\"500\" height=\"333\" \/><\/a><script charset=\"utf-8\" type=\"text\/javascript\" src=\"\/\/embedr.flickr.com\/assets\/client-code.js\" async=\"\"><\/script><\/p>\n","protected":false},"excerpt":{"rendered":"<p>M\u00e1s de 300 estudiantes de 2\u00ba de Bachillerato del I.E.S. Las Marismas, I.E.S. Virgen de Valme, I.E.S. Chaves Nogales, I.E.S. Camas y del I.E.S. Ram\u00f3n del Valle-Incl\u00e1n visitaron el pasado viernes  la Universidad Pablo de Olavide para conocer la oferta de estudios de esta universidad as\u00ed como sus instalaciones y las posibilidades que \u00e9stas brindan para su formaci\u00f3n.<\/p>\n","protected":false},"author":6,"featured_media":0,"comment_status":"closed","ping_status":"open","sticky":false,"template":"","format":"standard","meta":{"_monsterinsights_skip_tracking":false,"_monsterinsights_sitenote_active":false,"_monsterinsights_sitenote_note":"","_monsterinsights_sitenote_category":0,"footnotes":""},"categories":[6],"tags":[501,644,1363,21,266,230,376,1382,161,297],"class_list":["post-17790883","post","type-post","status-publish","format-standard","hentry","category-institucional","tag-acceso","tag-bachillerato","tag-dobles-grados","tag-estudiantes","tag-grados","tag-orientacion","tag-puertas-abiertas","tag-secundaria","tag-sevilla","tag-visita"],"_links":{"self":[{"href":"https:\/\/www.upo.es\/diario\/wp-json\/wp\/v2\/posts\/17790883","targetHints":{"allow":["GET"]}}],"collection":[{"href":"https:\/\/www.upo.es\/diario\/wp-json\/wp\/v2\/posts"}],"about":[{"href":"https:\/\/www.upo.es\/diario\/wp-json\/wp\/v2\/types\/post"}],"author":[{"embeddable":true,"href":"https:\/\/www.upo.es\/diario\/wp-json\/wp\/v2\/users\/6"}],"replies":[{"embeddable":true,"href":"https:\/\/www.upo.es\/diario\/wp-json\/wp\/v2\/comments?post=17790883"}],"version-history":[{"count":7,"href":"https:\/\/www.upo.es\/diario\/wp-json\/wp\/v2\/posts\/17790883\/revisions"}],"predecessor-version":[{"id":17850682,"href":"https:\/\/www.upo.es\/diario\/wp-json\/wp\/v2\/posts\/17790883\/revisions\/17850682"}],"wp:attachment":[{"href":"https:\/\/www.upo.es\/diario\/wp-json\/wp\/v2\/media?parent=17790883"}],"wp:term":[{"taxonomy":"category","embeddable":true,"href":"https:\/\/www.upo.es\/diario\/wp-json\/wp\/v2\/categories?post=17790883"},{"taxonomy":"post_tag","embeddable":true,"href":"https:\/\/www.upo.es\/diario\/wp-json\/wp\/v2\/tags?post=17790883"}],"curies":[{"name":"wp","href":"https:\/\/api.w.org\/{rel}","templated":true}]}}