{"id":17855110,"date":"2017-01-24T05:09:45","date_gmt":"2017-01-24T05:09:45","guid":{"rendered":"https:\/\/www.upo.es\/diario\/?p=17855110"},"modified":"2017-01-25T12:11:53","modified_gmt":"2017-01-25T12:11:53","slug":"la-upo-acoge-una-exposicion-del-fondo-antiguo-de-la-biblioteca-del-colegio-san-francisco-de-paula","status":"publish","type":"post","link":"https:\/\/www.upo.es\/diario\/cultura\/2017\/01\/la-upo-acoge-una-exposicion-del-fondo-antiguo-de-la-biblioteca-del-colegio-san-francisco-de-paula\/","title":{"rendered":"La UPO acoge una exposici\u00f3n del fondo antiguo de la Biblioteca del Colegio San Francisco de Paula"},"content":{"rendered":"<figure id=\"attachment_17855112\" aria-describedby=\"caption-attachment-17855112\" style=\"width: 600px\" class=\"wp-caption aligncenter\"><a href=\"https:\/\/www.upo.es\/diario\/wp-content\/uploads\/2017\/01\/BibliotecaUPO-SanFranciscoPaula.jpg\"><img loading=\"lazy\" decoding=\"async\" class=\"size-large wp-image-17855112\" alt=\"Luis Rey Go\u00f1i, Pilar Rodr\u00edguez Reina, Vicente Guzm\u00e1n y Juan Gil visitan la exposici\u00f3n en la Biblioteca de la UPO\" src=\"https:\/\/www.upo.es\/diario\/wp-content\/uploads\/2017\/01\/BibliotecaUPO-SanFranciscoPaula-600x400.jpg\" width=\"600\" height=\"400\" srcset=\"https:\/\/www.upo.es\/diario\/wp-content\/uploads\/2017\/01\/BibliotecaUPO-SanFranciscoPaula-600x400.jpg 600w, https:\/\/www.upo.es\/diario\/wp-content\/uploads\/2017\/01\/BibliotecaUPO-SanFranciscoPaula-320x213.jpg 320w\" sizes=\"auto, (max-width: 600px) 100vw, 600px\" \/><\/a><figcaption id=\"caption-attachment-17855112\" class=\"wp-caption-text\">Luis Rey Go\u00f1i, Pilar Rodr\u00edguez Reina, Vicente Guzm\u00e1n y Juan Gil visitan la exposici\u00f3n en la Biblioteca de la UPO<\/figcaption><\/figure>\n<p style=\"text-align: justify;\">La Universidad Pablo de Olavide acoger\u00e1 hasta el pr\u00f3ximo 23 de febrero la <b>exposici\u00f3n \u2018De Re Italica\u2019<\/b>, una muestra compuesta por 80 manuscritos e impresos de entre los siglos XV y XX, y pertenecientes al fondo antiguo de la Biblioteca \u2018Francisco M\u00e1rquez Villanueva\u2019 del Colegio Internacional de Sevilla San Francisco de Paula.<\/p>\n<figure id=\"attachment_17855111\" aria-describedby=\"caption-attachment-17855111\" style=\"width: 320px\" class=\"wp-caption alignright\"><a href=\"https:\/\/www.upo.es\/diario\/wp-content\/uploads\/2017\/01\/BibliotecaUPO-SanFranciscoPaula_1.jpg\"><img loading=\"lazy\" decoding=\"async\" class=\"size-medium wp-image-17855111\" alt=\"Inauguraci\u00f3n de la Exposici\u00f3n del Fondo Antiguo de la Biblioteca del Colegio de San Francisco de Paula\" src=\"https:\/\/www.upo.es\/diario\/wp-content\/uploads\/2017\/01\/BibliotecaUPO-SanFranciscoPaula_1-320x180.jpg\" width=\"320\" height=\"180\" srcset=\"https:\/\/www.upo.es\/diario\/wp-content\/uploads\/2017\/01\/BibliotecaUPO-SanFranciscoPaula_1-320x180.jpg 320w, https:\/\/www.upo.es\/diario\/wp-content\/uploads\/2017\/01\/BibliotecaUPO-SanFranciscoPaula_1-600x337.jpg 600w\" sizes=\"auto, (max-width: 320px) 100vw, 320px\" \/><\/a><figcaption id=\"caption-attachment-17855111\" class=\"wp-caption-text\">Inauguraci\u00f3n de la Exposici\u00f3n del Fondo Antiguo de la Biblioteca del Colegio de San Francisco de Paula<\/figcaption><\/figure>\n<p style=\"text-align: justify;\">Dicha exposici\u00f3n, que podr\u00e1 visitarse en la Biblioteca de la Olavide y que se enmarca dentro de la conmemoraci\u00f3n del 130\u00ba aniversario del Colegio, fue inaugurada ayer lunes por Vicente Guzm\u00e1n Fluja, rector de la UPO, en un acto en el que tambi\u00e9n intervinieron Juan Gil, acad\u00e9mico de la RAE y autor del ap\u00e9ndice del cat\u00e1logo editado sobre la muestra; Mar\u00eda Isabel Go\u00f1i, presidenta de la Fundaci\u00f3n Go\u00f1i y Rey; Luis Rey Go\u00f1i, director del Colegio; Pilar Rodr\u00edguez Reina, vicerrectora de Relaciones Institucionales y Comunicaci\u00f3n de la UPO, y Carmen Baena, directora de la Biblioteca-CRAI de la Universidad Pablo de Olavide.<\/p>\n<p style=\"text-align: justify;\">En su intervenci\u00f3n, el rector de la UPO ha resaltado la importancia de esta iniciativa, \u201cejemplo de colaboraci\u00f3n entre dos instituciones que defienden la educaci\u00f3n integral de sus estudiantes y la conexi\u00f3n de las distintas etapas educativas, en este caso la ense\u00f1anza universitaria la ense\u00f1anza en Bachillerato y en Educaci\u00f3n Secundaria\u201d. Por otro lado, Vicente Guzm\u00e1n tambi\u00e9n ha destacado que \u201ceste acto es un acto simb\u00f3lico que nos recuerda el papel de la Biblioteca y la importancia de los libros como veh\u00edculos de protecci\u00f3n y divulgaci\u00f3n de la cultura\u201d. En esta misma l\u00ednea ha hablado Carmen Baena, la directora de la Biblioteca-CRAI de la UPO, quien ha afirmado que \u201cesta exposici\u00f3n significa que la Biblioteca contin\u00faa con su labor de reunir, preservar y difundir el conocimiento, haciendo accesible sus colecciones independientemente del formato de los documentos\u201d.<\/p>\n<p style=\"text-align: justify;\">Por su parte, Luis Rey Go\u00f1i, director del Colegio, se ha declarado orgulloso de esta exposici\u00f3n \u201cinstalada en una biblioteca universitaria, un templo del almacenamiento, gesti\u00f3n y puesta en valor del conocimiento\u201d. Asimismo, el director del Colegio Internacional de Sevilla San Francisco de Paula destac\u00f3 las colaboraciones en el cat\u00e1logo sobre la muestra de Juan Gil, acad\u00e9mico de la RAE, \u201cque ha traducido una carta de Carlos V\u201d, y de Jorge Edwards, Premio Cervantes en 1999.<\/p>\n<p style=\"text-align: justify;\">Mar\u00eda Isabel Go\u00f1i, presidenta de la Fundaci\u00f3n Go\u00f1i y Rey, ha manifestado su agradecimiento a todos los que han hecho posible esta exposici\u00f3n, y Pilar Rodr\u00edguez Reina, vicerrectora de Relaciones Institucionales y Comunicaci\u00f3n de la UPO, ha resaltado la importancia de este d\u00eda para la Olavide, \u201cque acoge aut\u00e9nticas joyas y ejemplares \u00fanicos que representan una parcela fundamental de la Historia\u201d. Finalmente, Juan Gil, \u00a0acad\u00e9mico de la RAE, ha destacado \u201cla cantidad y la calidad de esta exposici\u00f3n\u201d.<\/p>\n<p style=\"text-align: justify;\">Esta muestra, compuesta por biograf\u00edas, dibujos, cartas, glosas, comentarios e historias reales y de ficci\u00f3n, algunas de ellas incunables, recorre toda la historia de Occidente desde el punto de vista italiano y mediterr\u00e1neo, y tiene el objetivo de poner de manifiesto la importancia cultural de la pen\u00ednsula It\u00e1lica y las relaciones entre sus habitantes e idiomas y los de otros \u00e1mbitos de Europa.<\/p>\n<p style=\"text-align: justify;\">Entre otros, la exposici\u00f3n presenta ediciones de Dante (la primera de la Divina Comedia que incluye el retrato del autor), Miguel de Cervantes, Julio C\u00e9sar, Fernando de Rojas, Petrarca, Pietro Bembo, D\u2019Annunzio, Filippo Tommaso Marinetti y Curzio Malaparte. El volumen impreso m\u00e1s antiguo data de 1476 y es una traducci\u00f3n de Iacopo de Rossi de la \u2018Historia Florentina\u2019, de Bracciolini Poggio. La muestra cuenta con un cat\u00e1logo cuyo prologuista es el Premio Cervantes Jorge Edwards.<\/p>\n<p>El fondo antiguo del Colegio Internacional de Sevilla San Francisco de Paula posee un gran potencial para el p\u00fablico investigador y, de hecho, es el cuarto m\u00e1s extenso de la provincia de Sevilla tras el de la Universidad de Sevilla, la Instituci\u00f3n Colombina y el Archivo Hist\u00f3rico Municipal. Cuenta con las medidas seguridad y mantenimiento que este tipo de documentos requiere. El cat\u00e1logo general de la Biblioteca \u201cFrancisco M\u00e1rquez Villanueva\u201d, que comprende m\u00e1s de cincuenta mil vol\u00famenes, es accesible por internet en <a href=\"http:\/\/biblioteca.sfpaula.com\/\">http:\/\/biblioteca.sfpaula.com\/<\/a>.<\/p>\n<p><a title=\"Exposici\u00f3n \u2018De Re Italica\u2019\" href=\"https:\/\/www.flickr.com\/photos\/pablodeolavide\/albums\/72157675870258213\" data-flickr-embed=\"true\" data-header=\"true\"><img loading=\"lazy\" decoding=\"async\" alt=\"Exposici\u00f3n \u2018De Re Italica\u2019\" src=\"https:\/\/c1.staticflickr.com\/1\/780\/32329626822_734223c013.jpg\" width=\"500\" height=\"281\" \/><\/a><script charset=\"utf-8\" type=\"text\/javascript\" src=\"\/\/embedr.flickr.com\/assets\/client-code.js\" async=\"\"><\/script><\/p>\n","protected":false},"excerpt":{"rendered":"<p>La Universidad Pablo de Olavide acoger\u00e1 hasta el pr\u00f3ximo 23 de febrero la exposici\u00f3n \u2018De Re Italica\u2019, una muestra compuesta por 80 manuscritos e impresos de entre los siglos XV y XX, y pertenecientes al fondo antiguo de la Biblioteca \u2018Francisco M\u00e1rquez Villanueva\u2019 del Colegio Internacional de Sevilla San Francisco de Paula.<\/p>\n","protected":false},"author":4,"featured_media":0,"comment_status":"closed","ping_status":"open","sticky":false,"template":"","format":"standard","meta":{"_monsterinsights_skip_tracking":false,"_monsterinsights_sitenote_active":false,"_monsterinsights_sitenote_note":"","_monsterinsights_sitenote_category":0,"footnotes":""},"categories":[7],"tags":[3841,74,707,3840,503,3836,150,349,401,38,1340],"class_list":["post-17855110","post","type-post","status-publish","format-standard","hentry","category-cultura","tag-colegio-san-francisco-de-paula","tag-exposiciones","tag-filologia","tag-fondo-antiguo","tag-fundacion","tag-fundacion-goni-y-rey","tag-historia","tag-inauguracion","tag-literatura","tag-rector","tag-vicente-guzman"],"_links":{"self":[{"href":"https:\/\/www.upo.es\/diario\/wp-json\/wp\/v2\/posts\/17855110","targetHints":{"allow":["GET"]}}],"collection":[{"href":"https:\/\/www.upo.es\/diario\/wp-json\/wp\/v2\/posts"}],"about":[{"href":"https:\/\/www.upo.es\/diario\/wp-json\/wp\/v2\/types\/post"}],"author":[{"embeddable":true,"href":"https:\/\/www.upo.es\/diario\/wp-json\/wp\/v2\/users\/4"}],"replies":[{"embeddable":true,"href":"https:\/\/www.upo.es\/diario\/wp-json\/wp\/v2\/comments?post=17855110"}],"version-history":[{"count":8,"href":"https:\/\/www.upo.es\/diario\/wp-json\/wp\/v2\/posts\/17855110\/revisions"}],"predecessor-version":[{"id":17855116,"href":"https:\/\/www.upo.es\/diario\/wp-json\/wp\/v2\/posts\/17855110\/revisions\/17855116"}],"wp:attachment":[{"href":"https:\/\/www.upo.es\/diario\/wp-json\/wp\/v2\/media?parent=17855110"}],"wp:term":[{"taxonomy":"category","embeddable":true,"href":"https:\/\/www.upo.es\/diario\/wp-json\/wp\/v2\/categories?post=17855110"},{"taxonomy":"post_tag","embeddable":true,"href":"https:\/\/www.upo.es\/diario\/wp-json\/wp\/v2\/tags?post=17855110"}],"curies":[{"name":"wp","href":"https:\/\/api.w.org\/{rel}","templated":true}]}}