{"id":17876905,"date":"2017-01-24T02:43:04","date_gmt":"2017-01-24T02:43:04","guid":{"rendered":"https:\/\/www.upo.es\/diario\/?p=17876905"},"modified":"2017-01-26T08:46:19","modified_gmt":"2017-01-26T08:46:19","slug":"abierto-el-plazo-para-realizar-propuestas-al-programa-cultura-minima","status":"publish","type":"post","link":"https:\/\/www.upo.es\/diario\/cultura\/2017\/01\/abierto-el-plazo-para-realizar-propuestas-al-programa-cultura-minima\/","title":{"rendered":"Abierto el plazo para realizar propuestas al programa \u2018Cultura M\u00ednima\u2019"},"content":{"rendered":"<p><a href=\"https:\/\/www.upo.es\/diario\/wp-content\/uploads\/2015\/12\/Cultura-Minima_logo.png\"><img loading=\"lazy\" decoding=\"async\" class=\"alignright size-medium wp-image-11352334\" alt=\"Cultura-Minima_logo\" src=\"https:\/\/www.upo.es\/diario\/wp-content\/uploads\/2015\/12\/Cultura-Minima_logo-315x320.png\" width=\"315\" height=\"320\" srcset=\"https:\/\/www.upo.es\/diario\/wp-content\/uploads\/2015\/12\/Cultura-Minima_logo-315x320.png 315w, https:\/\/www.upo.es\/diario\/wp-content\/uploads\/2015\/12\/Cultura-Minima_logo.png 528w\" sizes=\"auto, (max-width: 315px) 100vw, 315px\" \/><\/a>El Vicerrectorado de Cultura y Compromiso Social de la Universidad Pablo de Olavide, a trav\u00e9s del Servicio de Extensi\u00f3n Cultural, abre una nueva convocatoria, la cuarta, de su programa <b><i>Cultura M\u00ednima<\/i><\/b>. Desde hoy martes y hasta el 24 de febrero de 2017, autores, artistas y agrupaciones pueden presentar sus propuestas para la programaci\u00f3n cultural de la UPO, que pone a disposici\u00f3n de quienes deseen participar el espacio cultural <i>EL ENTRAMADO<\/i> as\u00ed como una ayuda de 180 euros para desarrollar la propuesta.<\/p>\n<p><b>Abierto a toda clase de disciplinas art\u00edsticas \u2013artes \u00a0esc\u00e9nicas, artes pl\u00e1sticas, cine, m\u00fasica, literatura, recitales de poes\u00eda, presentaciones de libros, etc\u2013, las propuestas deben adaptarse a las condiciones \u2018m\u00ednimas\u2019 que ofrece el espacio cultural EL ENTRAMADO<\/b>. Pueden participar personas y agrupaciones con vinculaci\u00f3n o no a la comunidad universitaria, teniendo prioridad aquellas que pertenezcan al entorno en el que la Universidad desarrolla su actividad. Las propuestas seleccionadas, adem\u00e1s de la ayuda de 180 euros, dispondr\u00e1n de un precio de taquilla \u00fanica de 2 euros.<\/p>\n<p>El programa Cultura M\u00ednima nace con la intenci\u00f3n de abrir un espacio en el campus de la UPO a artistas, colectivos y agrupaciones art\u00edsticas emergentes a la vez que se favorece la acci\u00f3n cultural en la Universidad. Esta cuarta convocatoria contempla dos programaciones mensuales, segundo y cuarto jueves de cada mes, de marzo, abril, mayo, junio, octubre y noviembre de 2017.<\/p>\n<p>M\u00e1s informaci\u00f3n en:<br \/>\n<strong><a href=\"http:\/\/www.upo.es\/upsc\/extension_cultural\/cultura-minima\/\">www.upo.es\/upsc\/extension_cultural\/cultura-minima\/<\/a><\/strong><\/p>\n<p><iframe loading=\"lazy\" src=\"https:\/\/www.youtube.com\/embed\/3aVgAq28VxM\" height=\"315\" width=\"560\" allowfullscreen=\"\" frameborder=\"0\"><\/iframe><\/p>\n","protected":false},"excerpt":{"rendered":"<p>Abierto a toda clase de disciplinas art\u00edsticas \u2013artes  esc\u00e9nicas, artes pl\u00e1sticas, cine, m\u00fasica, literatura, recitales de poes\u00eda, presentaciones de libros, etc\u2013, las propuestas deben adaptarse a las condiciones \u2018m\u00ednimas\u2019 que ofrece el espacio cultural EL ENTRAMADO. <\/p>\n","protected":false},"author":6,"featured_media":0,"comment_status":"closed","ping_status":"open","sticky":false,"template":"","format":"standard","meta":{"_monsterinsights_skip_tracking":false,"_monsterinsights_sitenote_active":false,"_monsterinsights_sitenote_note":"","_monsterinsights_sitenote_category":0,"footnotes":""},"categories":[7],"tags":[2523,1254,937,1961,571,75,401,402,2664,2667],"class_list":["post-17876905","post","type-post","status-publish","format-standard","hentry","category-cultura","tag-artes-escenicas","tag-artes-plasticas","tag-cine","tag-convocatoria","tag-danza","tag-extension-cultural","tag-literatura","tag-musica","tag-programa-cultura-minima","tag-vicerrectorado-de-cultura-y-compromiso-social"],"_links":{"self":[{"href":"https:\/\/www.upo.es\/diario\/wp-json\/wp\/v2\/posts\/17876905","targetHints":{"allow":["GET"]}}],"collection":[{"href":"https:\/\/www.upo.es\/diario\/wp-json\/wp\/v2\/posts"}],"about":[{"href":"https:\/\/www.upo.es\/diario\/wp-json\/wp\/v2\/types\/post"}],"author":[{"embeddable":true,"href":"https:\/\/www.upo.es\/diario\/wp-json\/wp\/v2\/users\/6"}],"replies":[{"embeddable":true,"href":"https:\/\/www.upo.es\/diario\/wp-json\/wp\/v2\/comments?post=17876905"}],"version-history":[{"count":4,"href":"https:\/\/www.upo.es\/diario\/wp-json\/wp\/v2\/posts\/17876905\/revisions"}],"predecessor-version":[{"id":17915283,"href":"https:\/\/www.upo.es\/diario\/wp-json\/wp\/v2\/posts\/17876905\/revisions\/17915283"}],"wp:attachment":[{"href":"https:\/\/www.upo.es\/diario\/wp-json\/wp\/v2\/media?parent=17876905"}],"wp:term":[{"taxonomy":"category","embeddable":true,"href":"https:\/\/www.upo.es\/diario\/wp-json\/wp\/v2\/categories?post=17876905"},{"taxonomy":"post_tag","embeddable":true,"href":"https:\/\/www.upo.es\/diario\/wp-json\/wp\/v2\/tags?post=17876905"}],"curies":[{"name":"wp","href":"https:\/\/api.w.org\/{rel}","templated":true}]}}