{"id":17897546,"date":"2017-01-26T00:01:08","date_gmt":"2017-01-26T00:01:08","guid":{"rendered":"https:\/\/www.upo.es\/diario\/?p=17897546"},"modified":"2017-01-26T07:38:17","modified_gmt":"2017-01-26T07:38:17","slug":"manana-en-la-upo-proyeccion-del-documental-diverze-sobre-inclusion-participacion-y-transformacion","status":"publish","type":"post","link":"https:\/\/www.upo.es\/diario\/cultura\/2017\/01\/manana-en-la-upo-proyeccion-del-documental-diverze-sobre-inclusion-participacion-y-transformacion\/","title":{"rendered":"Hoy en la UPO, proyecci\u00f3n del documental \u201cDiVeRzE\u201d sobre inclusi\u00f3n, participaci\u00f3n y transformaci\u00f3n"},"content":{"rendered":"<p><img loading=\"lazy\" decoding=\"async\" class=\"alignright size-medium wp-image-17898429\" alt=\"Diverze, el documental\" src=\"https:\/\/www.upo.es\/diario\/wp-content\/uploads\/2017\/01\/diverze-320x213.png\" width=\"320\" height=\"213\" srcset=\"https:\/\/www.upo.es\/diario\/wp-content\/uploads\/2017\/01\/diverze-320x213.png 320w, https:\/\/www.upo.es\/diario\/wp-content\/uploads\/2017\/01\/diverze.png 564w\" sizes=\"auto, (max-width: 320px) 100vw, 320px\" \/>La programaci\u00f3n de\u201cCultura M\u00ednima\u201d de a\u00f1o 2017 se inicia hoy jueves 26 de enero con la <b>proyecci\u00f3n del documental \u201cDiVeRzE\u201d<\/b>, una propuesta de la Asociaci\u00f3n para la Mediaci\u00f3n Social EQUA sobre inclusi\u00f3n, participaci\u00f3n y trasnformaci\u00f3n. Ser\u00e1 a las 19:30 horas en el espacio sociocultural \u201cEl Entramado\u201d (edificio 42), espacio cultural de la Universidad Pablo de Olavide. La entrada tiene un precio de 3 euros.<\/p>\n<p>Este trabajo nace en el seno de la Asociaci\u00f3n EQUA con la idea de dar a conocer una buena pr\u00e1ctica sobre inclusi\u00f3n social entre j\u00f3venes con y sin discapacidad intelectual a trav\u00e9s de la participaci\u00f3n y del arte urbano. Y m\u00e1s all\u00e1, para difundir una metodolog\u00eda de intervenci\u00f3n social en la que se unan, en un solo itinerario, a personas provenientes de muy distintos contextos y situaciones sociales, con la intenci\u00f3n de generar nuevos modelos de convivencia y de desarrollo integral e inclusivo de nuestros territorios.<\/p>\n<p>\u201cCultura M\u00ednima\u201d es un espacio para el arte y la cultura emergentes en la Universidad Pablo de Olavide. De esta manera, el espacio sociocultural \u201cEl Entramado\u201d se consolida como el espacio estable de la programaci\u00f3n cultural de la Olavide, acogiendo propuestas art\u00edsticas de todas las disciplinas como teatro, danza, flamenco, recitales de poes\u00eda, presentaciones de libros, o recitales en ac\u00fastico de agrupaciones musicales y solistas.<\/p>\n<p>Adem\u00e1s, \u201cEl Entramado\u201d acoge el trabajo diario de las agrupaciones que conforman el Programa Artes y Formaci\u00f3n del Vicerrectorado de Cultura y Compromiso Social, como el Aula de Artes Esc\u00e9nicas, Coro de la UPO, Pe\u00f1a Universitaria \u201cSentir Flamenco\u201d y la colaboraci\u00f3n desde hace a\u00f1os con el Coro South Gospel de Sevilla.<\/p>\n<p><b><a href=\"https:\/\/www.upo.es\/cms1\/export\/sites\/upo\/upsc\/extension_cultural\/documentos\/Programacixn15-16DEF.pdf\">Programaci\u00f3n de \u201cCultura M\u00ednima\u201d<\/a><\/b><\/p>\n<p><b><a href=\"https:\/\/www.upo.es\/upsc\/extension_cultural\/agenda\/\">Agenda Servicio de Extensi\u00f3n Cultural de la UPO<\/a><\/b><\/p>\n","protected":false},"excerpt":{"rendered":"<p>La programaci\u00f3n de \u201cCultura M\u00ednima\u201d de 2017 se inicia hoy jueves 26 de enero con la proyecci\u00f3n del documental \u201cDiVeRzE\u201d, una propuesta de la Asociaci\u00f3n para la Mediaci\u00f3n Social EQUA sobre inclusi\u00f3n, participaci\u00f3n y trasnformaci\u00f3n. Ser\u00e1 a las 19:30 horas en el espacio sociocultural \u201cEl Entramado\u201d (edificio 42), espacio cultural de la Universidad Pablo de Olavide. <\/p>\n","protected":false},"author":6,"featured_media":0,"comment_status":"closed","ping_status":"open","sticky":false,"template":"","format":"standard","meta":{"_monsterinsights_skip_tracking":false,"_monsterinsights_sitenote_active":false,"_monsterinsights_sitenote_note":"","_monsterinsights_sitenote_category":0,"footnotes":""},"categories":[7],"tags":[222,3649,75,2540,394,2664,2667],"class_list":["post-17897546","post","type-post","status-publish","format-standard","hentry","category-cultura","tag-documental","tag-espacio-cultural-el-entramado","tag-extension-cultural","tag-inclusion-social","tag-participacion-social","tag-programa-cultura-minima","tag-vicerrectorado-de-cultura-y-compromiso-social"],"_links":{"self":[{"href":"https:\/\/www.upo.es\/diario\/wp-json\/wp\/v2\/posts\/17897546","targetHints":{"allow":["GET"]}}],"collection":[{"href":"https:\/\/www.upo.es\/diario\/wp-json\/wp\/v2\/posts"}],"about":[{"href":"https:\/\/www.upo.es\/diario\/wp-json\/wp\/v2\/types\/post"}],"author":[{"embeddable":true,"href":"https:\/\/www.upo.es\/diario\/wp-json\/wp\/v2\/users\/6"}],"replies":[{"embeddable":true,"href":"https:\/\/www.upo.es\/diario\/wp-json\/wp\/v2\/comments?post=17897546"}],"version-history":[{"count":2,"href":"https:\/\/www.upo.es\/diario\/wp-json\/wp\/v2\/posts\/17897546\/revisions"}],"predecessor-version":[{"id":17913493,"href":"https:\/\/www.upo.es\/diario\/wp-json\/wp\/v2\/posts\/17897546\/revisions\/17913493"}],"wp:attachment":[{"href":"https:\/\/www.upo.es\/diario\/wp-json\/wp\/v2\/media?parent=17897546"}],"wp:term":[{"taxonomy":"category","embeddable":true,"href":"https:\/\/www.upo.es\/diario\/wp-json\/wp\/v2\/categories?post=17897546"},{"taxonomy":"post_tag","embeddable":true,"href":"https:\/\/www.upo.es\/diario\/wp-json\/wp\/v2\/tags?post=17897546"}],"curies":[{"name":"wp","href":"https:\/\/api.w.org\/{rel}","templated":true}]}}