{"id":17914386,"date":"2017-01-26T00:06:34","date_gmt":"2017-01-26T00:06:34","guid":{"rendered":"https:\/\/www.upo.es\/diario\/?p=17914386"},"modified":"2017-01-27T08:01:41","modified_gmt":"2017-01-27T08:01:41","slug":"seminario-capitalismo-neoliberal-democracia-sobrante","status":"publish","type":"post","link":"https:\/\/www.upo.es\/diario\/institucional\/2017\/01\/seminario-capitalismo-neoliberal-democracia-sobrante\/","title":{"rendered":"Seminario \u201cCapitalismo neoliberal, democracia sobrante\u201d"},"content":{"rendered":"<figure id=\"attachment_17914387\" aria-describedby=\"caption-attachment-17914387\" style=\"width: 600px\" class=\"wp-caption aligncenter\"><a href=\"https:\/\/www.upo.es\/diario\/wp-content\/uploads\/2017\/01\/semcapitalismoneoliberal.jpg\"><img loading=\"lazy\" decoding=\"async\" class=\"size-large wp-image-17914387\" alt=\"Imagen de la inauguraci\u00f3n del seminario.\" src=\"https:\/\/www.upo.es\/diario\/wp-content\/uploads\/2017\/01\/semcapitalismoneoliberal-600x398.jpg\" width=\"600\" height=\"398\" srcset=\"https:\/\/www.upo.es\/diario\/wp-content\/uploads\/2017\/01\/semcapitalismoneoliberal-600x398.jpg 600w, https:\/\/www.upo.es\/diario\/wp-content\/uploads\/2017\/01\/semcapitalismoneoliberal-320x212.jpg 320w, https:\/\/www.upo.es\/diario\/wp-content\/uploads\/2017\/01\/semcapitalismoneoliberal.jpg 900w\" sizes=\"auto, (max-width: 600px) 100vw, 600px\" \/><\/a><figcaption id=\"caption-attachment-17914387\" class=\"wp-caption-text\">Imagen de la inauguraci\u00f3n del seminario.<\/figcaption><\/figure>\n<p>Ayer mi\u00e9rcoles 25 de enero en la Fundaci\u00f3n Tres Culturas del Mediterr\u00e1neo dio comienzo el Seminario Internacional \u201cCapitalismo neoliberal, democracia sobrante\u201d, organizado por las Universidades Pablo de Olavide (UPO) e Internacional de Andaluc\u00eda (UNIA) en el marco del m\u00e1ster en Derechos Humanos, Interculturalidad y Desarrollo.<\/p>\n<p>El seminario, que contin\u00faa hoy jueves 26 de enero, fue inaugurado por Vicente Guzm\u00e1n Fluja, rector de la Universidad Pablo de Olavide; Antonio Ram\u00edrez de Arellano, consejero de Econom\u00eda y Conocimiento de la Junta de Andaluc\u00eda; Dilma Rousseff, expresidenta de Brasil; Eugenio Dom\u00ednguez Vilches, rector de la Universidad\u00a0 Internacional de Andaluc\u00eda; Carol Proner, co-directora del m\u00e1ster y representante del Instituto Joaqu\u00edn Herrera Flores, y Jos\u00e9 Manuel Cervera Gragera, director de la Fundaci\u00f3n de las Tres Culturas del Mediterr\u00e1neo.<\/p>\n<p>Tras el acto de inauguraci\u00f3n, la expresidenta de Brasil <b>Dilma Rousseff<\/b> pronunci\u00f3 la conferencia inaugural que lleva por t\u00edtulo \u201cEl asalto a la democracia en Brasil y Latinoam\u00e9rica\u201d.<\/p>\n<p>En su intervenci\u00f3n, el rector de la Olavide indic\u00f3 la funci\u00f3n de la Universidad como lugar de crear y transmitir conocimiento de forma cr\u00edtica. \u201cDebemos esforzarnos para que un debate como \u00e9ste sirva como instrumento para poner en com\u00fan ideas\u201d, explic\u00f3 Vicente Guzm\u00e1n. El rector de la Internacional destac\u00f3 la personalidad de la invitada Dilma Rousseff y agradeci\u00f3 a todas las instituciones que han hecho posible la visita a Sevilla por parte de la ex presidenta brasile\u00f1a. Respecto al M\u00e1ster en Derechos Humanos, Interculturalidad y Desarrollo, que la UNIA imparte junto a la UPO, Dom\u00ednguez reconoci\u00f3 la gran acogida por parte de los alumnos ya que \u201ca\u00f1o tras a\u00f1o el cupo de plazas queda cubierto dentro de un panorama tan dif\u00edcil en el sistema universitario con tanta oferta de m\u00e1steres\u201d.<\/p>\n<p>Por su parte, El consejero de Econom\u00eda y Conocimiento, Antonio Ram\u00edrez de Arellano, afirm\u00f3 que \u201cen Europa estamos viviendo una p\u00e9rdida de fe de los beneficios de caminar juntos\u201d. Asimismo, felicit\u00f3 a los organizadores del evento.<\/p>\n<p>La periodista y presidenta de la Fundaci\u00f3n Saramago, Pilar del R\u00edo, fue la encargada de presentar la ponencia de Dilma Roussef, destacando de ella sus valores. \u201cHa sido acusada en su pa\u00eds por ser de izquierdas, por tener valores, por no aceptar sobornos y por ser mujer. Romp\u00eda demasiado los esquemas\u201d, afirm\u00f3.<\/p>\n<p>Rousseff destac\u00f3 que \u201cla mayor parte de los pa\u00edses occidentales est\u00e1n sufriendo la crisis del capitalismo neoliberal. Pa\u00edses que priman las actividades del sector financiero al sector productivo\u201d. Adem\u00e1s, a\u00f1adi\u00f3 que por este motivo, \u201cla desigualdad entre la poblaci\u00f3n est\u00e1 aumentando\u201d. En este sentido, explic\u00f3 que \u201cBrasil camina hoy por un futuro muy incierto de desesperanza, aunque queremos construir un futuro de esperanza\u201d.<\/p>\n<p>La primera jornada del seminario, que contin\u00faa hoy jueves, sigui\u00f3 con una mesa redonda donde particip\u00f3 el ex ministro de Justicia brasile\u00f1o, Jos\u00e9 Eduardo Cardozo; el presidente de la Corte Interamericana de Derechos Humanos, Roberto de Figueiredo; el juez y ex magistrado de la Audiencia Nacional, Baltasar Garz\u00f3n; el profesor de la Universidad de Barcelona, Gerardo Pisarello. La mesa fue moderada por la catedr\u00e1tica de Filosof\u00eda del Derecho de la Universidad Carlos IIIm Mar\u00eda Jos\u00e9 Fari\u00f1as. Todos ellos departieron sobre si los derechos est\u00e1n siendo garantes de la democracia actual.<\/p>\n<p>Esta actividad que cuenta con la colaboraci\u00f3n del\u00a0Instituto Joaqu\u00edn Herrera Flores\u00a0y el\u00a0Centro de Estudios Sociales de Co\u00edmbra.<\/p>\n<p><b><a href=\"https:\/\/www.upo.es\/diario\/wp-content\/uploads\/2017\/01\/Programa_CapitalismoNeoliberal.pdf\">PROGRAMA<\/a><\/b><\/p>\n<p>&nbsp;<\/p>\n<p>Fuente: UNIA<\/p>\n","protected":false},"excerpt":{"rendered":"<p>El pasado mi\u00e9rcoles 25 de enero, en la Fundaci\u00f3n Tres Culturas del Mediterr\u00e1neo, dio comienzo el Seminario Internacional \u201cCapitalismo neoliberal, democracia sobrante\u201d, organizado por las Universidades Pablo de Olavide (UPO) e Internacional de Andaluc\u00eda (UNIA) en el marco del m\u00e1ster en Derechos Humanos, Interculturalidad y Desarrollo.<\/p>\n","protected":false},"author":2,"featured_media":0,"comment_status":"closed","ping_status":"open","sticky":false,"template":"","format":"standard","meta":{"_monsterinsights_skip_tracking":false,"_monsterinsights_sitenote_active":false,"_monsterinsights_sitenote_note":"","_monsterinsights_sitenote_category":0,"footnotes":""},"categories":[6],"tags":[1084,154,3834,3833,3832,78,170],"class_list":["post-17914386","post","type-post","status-publish","format-standard","hentry","category-institucional","tag-baltasar-garzon","tag-brasil","tag-dilma-rousseff","tag-fundacion-tres-culturas","tag-master-en-derechos-humanos-interculturalidad-y-desarrollo","tag-seminario","tag-unia"],"_links":{"self":[{"href":"https:\/\/www.upo.es\/diario\/wp-json\/wp\/v2\/posts\/17914386","targetHints":{"allow":["GET"]}}],"collection":[{"href":"https:\/\/www.upo.es\/diario\/wp-json\/wp\/v2\/posts"}],"about":[{"href":"https:\/\/www.upo.es\/diario\/wp-json\/wp\/v2\/types\/post"}],"author":[{"embeddable":true,"href":"https:\/\/www.upo.es\/diario\/wp-json\/wp\/v2\/users\/2"}],"replies":[{"embeddable":true,"href":"https:\/\/www.upo.es\/diario\/wp-json\/wp\/v2\/comments?post=17914386"}],"version-history":[{"count":7,"href":"https:\/\/www.upo.es\/diario\/wp-json\/wp\/v2\/posts\/17914386\/revisions"}],"predecessor-version":[{"id":17937319,"href":"https:\/\/www.upo.es\/diario\/wp-json\/wp\/v2\/posts\/17914386\/revisions\/17937319"}],"wp:attachment":[{"href":"https:\/\/www.upo.es\/diario\/wp-json\/wp\/v2\/media?parent=17914386"}],"wp:term":[{"taxonomy":"category","embeddable":true,"href":"https:\/\/www.upo.es\/diario\/wp-json\/wp\/v2\/categories?post=17914386"},{"taxonomy":"post_tag","embeddable":true,"href":"https:\/\/www.upo.es\/diario\/wp-json\/wp\/v2\/tags?post=17914386"}],"curies":[{"name":"wp","href":"https:\/\/api.w.org\/{rel}","templated":true}]}}