{"id":1799718,"date":"2013-10-17T00:30:50","date_gmt":"2013-10-16T22:30:50","guid":{"rendered":"https:\/\/www.upo.es\/diario\/?p=1799718"},"modified":"2020-10-27T16:58:05","modified_gmt":"2020-10-27T15:58:05","slug":"la-conferencia-sociologia-de-las-emociones-abre-manana-el-curso-2013-2014-del-departamento-de-sociologia","status":"publish","type":"post","link":"https:\/\/www.upo.es\/diario\/docencia-formacion\/2013\/10\/la-conferencia-sociologia-de-las-emociones-abre-manana-el-curso-2013-2014-del-departamento-de-sociologia\/","title":{"rendered":"La conferencia \u2018Sociolog\u00eda de las emociones\u2019 abre hoy el curso 2013-2014 del Departamento de Sociolog\u00eda"},"content":{"rendered":"<figure id=\"attachment_1805859\" aria-describedby=\"caption-attachment-1805859\" style=\"width: 320px\" class=\"wp-caption alignright\"><a href=\"https:\/\/www.upo.es\/diario\/wp-content\/uploads\/2013\/10\/eduardobericat.jpg\"><img loading=\"lazy\" decoding=\"async\" class=\"size-medium wp-image-1805859\" alt=\"El catedr\u00e1tico Eduardo Bericat ha impartido la conferencia inaugural\" src=\"https:\/\/www.upo.es\/diario\/wp-content\/uploads\/2013\/10\/eduardobericat-320x212.jpg\" width=\"320\" height=\"212\" srcset=\"https:\/\/www.upo.es\/diario\/wp-content\/uploads\/2013\/10\/eduardobericat-320x212.jpg 320w, https:\/\/www.upo.es\/diario\/wp-content\/uploads\/2013\/10\/eduardobericat-1024x681.jpg 1024w, https:\/\/www.upo.es\/diario\/wp-content\/uploads\/2013\/10\/eduardobericat-600x399.jpg 600w, https:\/\/www.upo.es\/diario\/wp-content\/uploads\/2013\/10\/eduardobericat.jpg 1968w\" sizes=\"auto, (max-width: 320px) 100vw, 320px\" \/><\/a><figcaption id=\"caption-attachment-1805859\" class=\"wp-caption-text\">El catedr\u00e1tico Eduardo Bericat ha impartido la conferencia inaugural<\/figcaption><\/figure>\n<p>Esta ma\u00f1ana en la sala de grados de la Biblioteca de la Universidad Pablo de Olavide, el Eduardo Bericat ha pronunciado la conferencia \u2018S<b>ociolog\u00eda de las emociones. El bienestar socioemocional de los miembros de la pareja\u2019 <\/b>con motivo del Acto de Inauguraci\u00f3n del Curso 2013-2014 del <a href=\"https:\/\/www1.upo.es\/\">Departamento de Sociolog\u00eda de la Universidad Pablo de Olavide<\/a>.<\/p>\n<p><b>Eduardo Bericat Alastuey<\/b> es catedr\u00e1tico de Sociolog\u00eda en la Universidad de Sevilla y preside la <a href=\"http:\/\/sociologiaandaluza.com\/\">Asociaci\u00f3n Andaluza<\/a> de esta disciplina. Entre sus especialidades destacan las que relacionan la Sociolog\u00eda con la salud, as\u00ed entre las asignaturas que imparte se encuentran <i>Sociolog\u00eda de la Salud y Sistemas Sanitarios<\/i>; la Antropolog\u00eda, es profesor de <i>Sociolog\u00eda y Antropolog\u00eda de la Comunicaci\u00f3n<\/i>; o las relaciones de pareja con el estudio de la Sociolog\u00eda de las emociones.<\/p>\n","protected":false},"excerpt":{"rendered":"<p>Esta ma\u00f1ana en la sala de grados de la Biblioteca de la Universidad Pablo de Olavide, el Eduardo Bericat ha pronunciado la conferencia \u2018Sociolog\u00eda de las emociones. El bienestar socioemocional de los miembros de la pareja\u2019 con motivo del Acto de Inauguraci\u00f3n del Curso 2013-2014 del Departamento de Sociolog\u00eda de la Universidad Pablo de Olavide.<\/p>\n","protected":false},"author":6,"featured_media":0,"comment_status":"closed","ping_status":"open","sticky":false,"template":"","format":"standard","meta":{"_monsterinsights_skip_tracking":false,"_monsterinsights_sitenote_active":false,"_monsterinsights_sitenote_note":"","_monsterinsights_sitenote_category":0,"footnotes":""},"categories":[2779],"tags":[227,488,104],"class_list":["post-1799718","post","type-post","status-publish","format-standard","hentry","category-docencia-formacion","tag-conferencia","tag-departamento","tag-sociologia"],"_links":{"self":[{"href":"https:\/\/www.upo.es\/diario\/wp-json\/wp\/v2\/posts\/1799718","targetHints":{"allow":["GET"]}}],"collection":[{"href":"https:\/\/www.upo.es\/diario\/wp-json\/wp\/v2\/posts"}],"about":[{"href":"https:\/\/www.upo.es\/diario\/wp-json\/wp\/v2\/types\/post"}],"author":[{"embeddable":true,"href":"https:\/\/www.upo.es\/diario\/wp-json\/wp\/v2\/users\/6"}],"replies":[{"embeddable":true,"href":"https:\/\/www.upo.es\/diario\/wp-json\/wp\/v2\/comments?post=1799718"}],"version-history":[{"count":10,"href":"https:\/\/www.upo.es\/diario\/wp-json\/wp\/v2\/posts\/1799718\/revisions"}],"predecessor-version":[{"id":1807118,"href":"https:\/\/www.upo.es\/diario\/wp-json\/wp\/v2\/posts\/1799718\/revisions\/1807118"}],"wp:attachment":[{"href":"https:\/\/www.upo.es\/diario\/wp-json\/wp\/v2\/media?parent=1799718"}],"wp:term":[{"taxonomy":"category","embeddable":true,"href":"https:\/\/www.upo.es\/diario\/wp-json\/wp\/v2\/categories?post=1799718"},{"taxonomy":"post_tag","embeddable":true,"href":"https:\/\/www.upo.es\/diario\/wp-json\/wp\/v2\/tags?post=1799718"}],"curies":[{"name":"wp","href":"https:\/\/api.w.org\/{rel}","templated":true}]}}