{"id":18005019,"date":"2017-01-30T11:20:43","date_gmt":"2017-01-30T11:20:43","guid":{"rendered":"https:\/\/www.upo.es\/diario\/?p=18005019"},"modified":"2017-01-31T07:48:10","modified_gmt":"2017-01-31T07:48:10","slug":"la-facultad-de-ciencias-experimentales-de-la-upo-celebra-la-semana-de-orientacion-profesional","status":"publish","type":"post","link":"https:\/\/www.upo.es\/diario\/docencia-formacion\/2017\/01\/la-facultad-de-ciencias-experimentales-de-la-upo-celebra-la-semana-de-orientacion-profesional\/","title":{"rendered":"La Facultad de Ciencias Experimentales de la UPO celebra la Semana de Orientaci\u00f3n Profesional"},"content":{"rendered":"<figure id=\"attachment_18005020\" aria-describedby=\"caption-attachment-18005020\" style=\"width: 600px\" class=\"wp-caption aligncenter\"><a href=\"https:\/\/www.upo.es\/diario\/wp-content\/uploads\/2017\/01\/J_Orientacion_prof_FCCEX.jpg\"><img loading=\"lazy\" decoding=\"async\" class=\"size-large wp-image-18005020\" alt=\"Rosario Rodr\u00edguez Escudero y Lourdes Moya  en un momento del taller.\" src=\"https:\/\/www.upo.es\/diario\/wp-content\/uploads\/2017\/01\/J_Orientacion_prof_FCCEX-600x400.jpg\" width=\"600\" height=\"400\" srcset=\"https:\/\/www.upo.es\/diario\/wp-content\/uploads\/2017\/01\/J_Orientacion_prof_FCCEX-600x400.jpg 600w, https:\/\/www.upo.es\/diario\/wp-content\/uploads\/2017\/01\/J_Orientacion_prof_FCCEX-320x213.jpg 320w\" sizes=\"auto, (max-width: 600px) 100vw, 600px\" \/><\/a><figcaption id=\"caption-attachment-18005020\" class=\"wp-caption-text\">Rosario Rodr\u00edguez Escudero y Lourdes Moya en un momento del taller.<\/figcaption><\/figure>\n<p>Hoy lunes ha dado comienzo en la Universidad Pablo de Olavide la <b>Semana de Orientaci\u00f3n Profesional de la Facultad de Ciencias Experimentales<\/b>, que se celebrar\u00e1 hasta el jueves 2 de febrero. Dirigidas a los estudiantes de \u00faltimo curso y a egresados de los grados en Biotecnolog\u00eda, Ciencias Ambientales, y Nutrici\u00f3n Humana y Diet\u00e9tica, estas jornadas pretenden analizar las salidas profesionales as\u00ed como las opciones que le ofrece la Universidad. La entrada es libre hasta completar aforo.<\/p>\n<p>Esta iniciativa tiene como objetivo responder a las preguntas sobre c\u00f3mo definir y planificar la carrera profesional, cu\u00e1les son las atribuciones profesionales, c\u00f3mo encontrar oportunidades de trabajo y cu\u00e1les son las claves del \u00e9xito para elaborar un curriculum vitae atractivo y afrontar con garant\u00edas una entrevista de trabajo. Para ello, las jornadas se han articulado en talleres y conferencias generales y espec\u00edficas seg\u00fan cada grado.<\/p>\n<p>En este sentido, las jornadas han comenzado hoy con un taller conjunto sobre competencias y curriculum vitae impartido por Lourdes Moya y Rosario Rodr\u00edguez Escudero, t\u00e9cnicas de Orientaci\u00f3n Profesional de la Fundaci\u00f3n Universidad Pablo de Olavide. Mientras que el martes 31 se impartir\u00e1 para los tres grados el taller \u201cContinuar form\u00e1ndonos: m\u00e1steres oficiales, m\u00e1steres propios, cursos de mejora profesional y doctorado\u201d impartido por el Centro de Estudios de Postgrado de la UPO, y el mi\u00e9rcoles 1 de febrero, el taller \u201cDesarrollo de competencias transversales para la inserci\u00f3n laboral\/estudios en el extranjero\u201d, impartido por Rosa Mar\u00eda Rodr\u00edguez Izquierdo, profesora del Departamento de Educaci\u00f3n y Psicolog\u00eda Social de la UPO.<\/p>\n<p>Los talleres y las conferencias espec\u00edficas para cada grado se impartir\u00e1n el mi\u00e9rcoles 1 y el jueves 2 de febrero. De esta manera, el mi\u00e9rcoles 1 se celebrar\u00e1n los talleres y las conferencias para el grado en Ciencias Ambientales, y el jueves 3 ser\u00e1 el turno de los grados en Biotecnolog\u00eda y en Nutrici\u00f3n Humana y Diet\u00e9tica.<\/p>\n<p><a href=\"http:\/\/www.upo.es\/fcex\/contenido?pag=\/portal\/fcex\/noticias\/Semana_Orientacion_Profesional_FCEX&amp;vE=\">Programa \u201cSemana de Orientaci\u00f3n Profesional de la Facultad de Ciencias Experimentales\u201d<\/a><\/p>\n","protected":false},"excerpt":{"rendered":"<p>Esta iniciativa tiene como objetivo responder a las preguntas sobre c\u00f3mo definir y planificar la carrera profesional, cu\u00e1les son las atribuciones profesionales, c\u00f3mo encontrar oportunidades de trabajo y cu\u00e1les son las claves del \u00e9xito para elaborar un curriculum vitae atractivo y afrontar con garant\u00edas una entrevista de trabajo. Para ello, las jornadas se han articulado en talleres y conferencias generales y espec\u00edficas seg\u00fan cada grado. La entrada es libre hasta completar aforo.<\/p>\n","protected":false},"author":2,"featured_media":0,"comment_status":"closed","ping_status":"open","sticky":false,"template":"","format":"standard","meta":{"_monsterinsights_skip_tracking":false,"_monsterinsights_sitenote_active":false,"_monsterinsights_sitenote_note":"","_monsterinsights_sitenote_category":0,"footnotes":""},"categories":[2779],"tags":[121,260,438,21,122,567,671,2097],"class_list":["post-18005019","post","type-post","status-publish","format-standard","hentry","category-docencia-formacion","tag-biotecnologia","tag-ciencias-ambientales","tag-empleo","tag-estudiantes","tag-facultad-ciencias-experimentales","tag-mercado-laboral","tag-nutricion-humana-y-dietetica","tag-semana-de-orientacion-profesional"],"_links":{"self":[{"href":"https:\/\/www.upo.es\/diario\/wp-json\/wp\/v2\/posts\/18005019","targetHints":{"allow":["GET"]}}],"collection":[{"href":"https:\/\/www.upo.es\/diario\/wp-json\/wp\/v2\/posts"}],"about":[{"href":"https:\/\/www.upo.es\/diario\/wp-json\/wp\/v2\/types\/post"}],"author":[{"embeddable":true,"href":"https:\/\/www.upo.es\/diario\/wp-json\/wp\/v2\/users\/2"}],"replies":[{"embeddable":true,"href":"https:\/\/www.upo.es\/diario\/wp-json\/wp\/v2\/comments?post=18005019"}],"version-history":[{"count":2,"href":"https:\/\/www.upo.es\/diario\/wp-json\/wp\/v2\/posts\/18005019\/revisions"}],"predecessor-version":[{"id":18023775,"href":"https:\/\/www.upo.es\/diario\/wp-json\/wp\/v2\/posts\/18005019\/revisions\/18023775"}],"wp:attachment":[{"href":"https:\/\/www.upo.es\/diario\/wp-json\/wp\/v2\/media?parent=18005019"}],"wp:term":[{"taxonomy":"category","embeddable":true,"href":"https:\/\/www.upo.es\/diario\/wp-json\/wp\/v2\/categories?post=18005019"},{"taxonomy":"post_tag","embeddable":true,"href":"https:\/\/www.upo.es\/diario\/wp-json\/wp\/v2\/tags?post=18005019"}],"curies":[{"name":"wp","href":"https:\/\/api.w.org\/{rel}","templated":true}]}}