{"id":18049789,"date":"2017-02-01T00:31:41","date_gmt":"2017-02-01T00:31:41","guid":{"rendered":"https:\/\/www.upo.es\/diario\/?p=18049789"},"modified":"2017-02-03T08:03:05","modified_gmt":"2017-02-03T08:03:05","slug":"presentacion-del-libro-creer-en-hitler-el-triunfo-de-la-fe-y-la-sumision-sobre-la-libertad-del-catedratico-de-la-upo-carlos-alarcon","status":"publish","type":"post","link":"https:\/\/www.upo.es\/diario\/libros\/2017\/02\/presentacion-del-libro-creer-en-hitler-el-triunfo-de-la-fe-y-la-sumision-sobre-la-libertad-del-catedratico-de-la-upo-carlos-alarcon\/","title":{"rendered":"Presentaci\u00f3n del libro \u00abCreer en Hitler. El triunfo de la fe y la sumisi\u00f3n sobre la libertad\u00bb del catedr\u00e1tico de la UPO Carlos Alarc\u00f3n"},"content":{"rendered":"<figure id=\"attachment_18049791\" aria-describedby=\"caption-attachment-18049791\" style=\"width: 320px\" class=\"wp-caption alignright\"><a href=\"https:\/\/www.upo.es\/diario\/wp-content\/uploads\/2017\/02\/carlos_alarcon.jpg\"><img loading=\"lazy\" decoding=\"async\" class=\"size-medium wp-image-18049791\" alt=\"Carlos Alarc\u00f3n, autor de \u2018Creer en Hitler. El triunfo de la fe y la sumisi\u00f3n sobre la libertad\u2019.\" src=\"https:\/\/www.upo.es\/diario\/wp-content\/uploads\/2017\/02\/carlos_alarcon-320x213.jpg\" width=\"320\" height=\"213\" srcset=\"https:\/\/www.upo.es\/diario\/wp-content\/uploads\/2017\/02\/carlos_alarcon-320x213.jpg 320w, https:\/\/www.upo.es\/diario\/wp-content\/uploads\/2017\/02\/carlos_alarcon-600x400.jpg 600w\" sizes=\"auto, (max-width: 320px) 100vw, 320px\" \/><\/a><figcaption id=\"caption-attachment-18049791\" class=\"wp-caption-text\">Carlos Alarc\u00f3n, autor de \u2018Creer en Hitler. El triunfo de la fe y la sumisi\u00f3n sobre la libertad\u2019.<\/figcaption><\/figure>\n<p style=\"text-align: justify;\">Ma\u00f1ana jueves 2 de febrero, a las 21:00 horas en la Librer\u00eda la Fuga (C\/ Conde de Torrej\u00f3n, 4), tendr\u00e1 lugar la presentaci\u00f3n del libro \u201cCreer en Hitler. El triunfo de la fe y la sumisi\u00f3n sobre la libertad\u201d (Editorial Aconcagua, 2016), cuyo autor es el catedr\u00e1tico de Filosof\u00eda del Derecho y Filosof\u00eda Pol\u00edtica de la Universidad Pablo de Olavide Carlos Alarc\u00f3n, quien explica en este ensayo c\u00f3mo Alemania secund\u00f3 a Hitler en sus deseos expansionistas y destructivos.<\/p>\n<p style=\"text-align: justify;\">Carlos Alarc\u00f3n ser\u00e1 presentado por el catedr\u00e1tico de Filosof\u00eda del Derecho y Pol\u00edtica de la UPO Ram\u00f3n Soriano.<\/p>\n<p style=\"text-align: justify;\">El libro muestra el v\u00ednculo cuasireligioso que uni\u00f3 a Hitler con los alemanes durante el periodo de entreguerras y la Segunda Guerra Mundial, y c\u00f3mo este v\u00ednculo le empuj\u00f3 a pretender llevar a cabo una revoluci\u00f3n cultural que enterrara el pasado y creara un nuevo \u201chombre alem\u00e1n\u201d.<\/p>\n<p style=\"text-align: justify;\">Como explica Carlos Alarc\u00f3n en su obra, \u201cHitler no fue una lamentable excepci\u00f3n ni un accidente hist\u00f3rico. Las condiciones psicosociol\u00f3gicas que propiciaron su aparici\u00f3n son demasiado similares a las que se han presentado en muchos lugares en las d\u00e9cadas siguientes al fen\u00f3meno nazi, que contin\u00faan impulsando la emergencia de figuras pol\u00edticas repletas de sadismo y masoquismo. Se trata de seres humanos angustiados y desbordados ante su imposibilidad psicol\u00f3gica de sostenerse como entes individuales que, detr\u00e1s del pretexto ideol\u00f3gico de revoluciones nacionales, raciales o culturales, anhelan y necesitan evadirse sinti\u00e9ndose capaces de provocar da\u00f1o a los dem\u00e1s y a s\u00ed mismos, y de reprimir la libertad ajena y tambi\u00e9n la libertad propia\u201d.<\/p>\n<p style=\"text-align: justify;\">Lo que tienen en com\u00fan estas derivaciones tan\u00e1ticas e \u201cinhumanas\u201d de los humanos, explica Carlos Alarc\u00f3n, \u201ces la apelaci\u00f3n religiosa, cuasireligiosa o seudoreligiosa a la fe en el l\u00edder como base para establecer un v\u00ednculo simbi\u00f3tico entre gobernantes y gobernados, entre dominantes y dominados. Hitler fue solo, en tanto que <i>Fuhrer<\/i>\u00a0 (el t\u00e9rmino alem\u00e1n para conductor, lider, gu\u00eda), un transparente ejemplo de c\u00f3mo guiar a un pueblo sumiso hacia la renuncia a la libertad y hacia la autodestrucci\u00f3n\u201d.<\/p>\n<p style=\"text-align: justify;\"><b>Carlos Alarc\u00f3n<\/b> (Sevilla, 1963) es catedr\u00e1tico de Filosof\u00eda del Derecho y Filosof\u00eda Pol\u00edtica en la Universidad Pablo de Olavide. Previamente fue docente permanente en la Universidad de Sevilla y en la Universidad de Huelva, donde fue director del Departamento Theodor Mommsen, y profesor visitante en la Universit\u00e0 degli studi di Pavia y en la University of Helsinki. En la Universidad Pablo de Olavide ha sido director del Departamento de Derecho P\u00fablico y en la actualidad es su Defensor Universitario. Ha escrito una veintena de libros de su especialidad, entre los que destacan \u201cNormas y paradojas\u201d (1993), \u201cDiccionario cr\u00edtico de los derechos humanos\u201d (2000), \u201cCausalidad y normatividad\u201d (2001) o \u201cJusticia electoral\u201d (2004). Fue presidente entre 2007 y 2011 de la Sociedad Espa\u00f1ola de Filosof\u00eda Jur\u00eddica y Pol\u00edtica, de la que es actualmente presidente de honor.<\/p>\n","protected":false},"excerpt":{"rendered":"<p>Ma\u00f1ana jueves 2 de febrero, a las 21:00 horas en la Librer\u00eda la Fuga (C\/ Conde de Torrej\u00f3n, 4), tendr\u00e1 lugar la presentaci\u00f3n del libro \u201cCreer en Hitler. El triunfo de la fe y la sumisi\u00f3n sobre la libertad\u201d (Editorial Aconcagua, 2016), cuyo autor es el catedr\u00e1tico de Filosof\u00eda del Derecho y Filosof\u00eda Pol\u00edtica de la Universidad Pablo de Olavide Carlos Alarc\u00f3n, quien explica en este ensayo c\u00f3mo Alemania secund\u00f3 a Hitler en sus deseos expansionistas y destructivos.  <\/p>\n","protected":false},"author":4,"featured_media":0,"comment_status":"closed","ping_status":"open","sticky":false,"template":"","format":"standard","meta":{"_monsterinsights_skip_tracking":false,"_monsterinsights_sitenote_active":false,"_monsterinsights_sitenote_note":"","_monsterinsights_sitenote_category":0,"footnotes":""},"categories":[77],"tags":[3472,3859,2370],"class_list":["post-18049789","post","type-post","status-publish","format-standard","hentry","category-libros","tag-carlos-alarcon","tag-hitler","tag-presentacion-libro"],"_links":{"self":[{"href":"https:\/\/www.upo.es\/diario\/wp-json\/wp\/v2\/posts\/18049789","targetHints":{"allow":["GET"]}}],"collection":[{"href":"https:\/\/www.upo.es\/diario\/wp-json\/wp\/v2\/posts"}],"about":[{"href":"https:\/\/www.upo.es\/diario\/wp-json\/wp\/v2\/types\/post"}],"author":[{"embeddable":true,"href":"https:\/\/www.upo.es\/diario\/wp-json\/wp\/v2\/users\/4"}],"replies":[{"embeddable":true,"href":"https:\/\/www.upo.es\/diario\/wp-json\/wp\/v2\/comments?post=18049789"}],"version-history":[{"count":8,"href":"https:\/\/www.upo.es\/diario\/wp-json\/wp\/v2\/posts\/18049789\/revisions"}],"predecessor-version":[{"id":18088328,"href":"https:\/\/www.upo.es\/diario\/wp-json\/wp\/v2\/posts\/18049789\/revisions\/18088328"}],"wp:attachment":[{"href":"https:\/\/www.upo.es\/diario\/wp-json\/wp\/v2\/media?parent=18049789"}],"wp:term":[{"taxonomy":"category","embeddable":true,"href":"https:\/\/www.upo.es\/diario\/wp-json\/wp\/v2\/categories?post=18049789"},{"taxonomy":"post_tag","embeddable":true,"href":"https:\/\/www.upo.es\/diario\/wp-json\/wp\/v2\/tags?post=18049789"}],"curies":[{"name":"wp","href":"https:\/\/api.w.org\/{rel}","templated":true}]}}