{"id":1813862,"date":"2013-10-17T14:30:43","date_gmt":"2013-10-17T14:30:43","guid":{"rendered":"https:\/\/www.upo.es\/diario\/?p=1813862"},"modified":"2013-10-21T09:12:01","modified_gmt":"2013-10-21T09:12:01","slug":"los-responsables-de-investigacion-andaluces-se-reunen-en-la-upo-para-tratar-la-situacion-del-idi","status":"publish","type":"post","link":"https:\/\/www.upo.es\/diario\/institucional\/2013\/10\/los-responsables-de-investigacion-andaluces-se-reunen-en-la-upo-para-tratar-la-situacion-del-idi\/","title":{"rendered":"Los responsables de investigaci\u00f3n de las universidades andaluzas analizan en la UPO la financiaci\u00f3n en I+D+i"},"content":{"rendered":"<figure id=\"attachment_1813863\" aria-describedby=\"caption-attachment-1813863\" style=\"width: 320px\" class=\"wp-caption alignright\"><a href=\"https:\/\/www.upo.es\/diario\/wp-content\/uploads\/2013\/10\/139_1922354-W.jpg\"><img loading=\"lazy\" decoding=\"async\" class=\"size-medium wp-image-1813863\" alt=\"imagen de investigaci\u00f3n de laboratorio\" src=\"https:\/\/www.upo.es\/diario\/wp-content\/uploads\/2013\/10\/139_1922354-W-320x205.jpg\" width=\"320\" height=\"205\" srcset=\"https:\/\/www.upo.es\/diario\/wp-content\/uploads\/2013\/10\/139_1922354-W-320x205.jpg 320w, https:\/\/www.upo.es\/diario\/wp-content\/uploads\/2013\/10\/139_1922354-W-600x384.jpg 600w, https:\/\/www.upo.es\/diario\/wp-content\/uploads\/2013\/10\/139_1922354-W.jpg 800w\" sizes=\"auto, (max-width: 320px) 100vw, 320px\" \/><\/a><figcaption id=\"caption-attachment-1813863\" class=\"wp-caption-text\">Los vicerrectores han tratado temas relacionados con las convocatorias p\u00fablicas de proyectos a grupos de investigaci\u00f3n y la situaci\u00f3n del personal investigador &#8211; \u00a9 Vignali \/ Photo Researchers<\/figcaption><\/figure>\n<p>Los vicerrectores de Investigaci\u00f3n de las Universidades de Almer\u00eda, C\u00e1diz, C\u00f3rdoba, Granada, Huelva, Ja\u00e9n, M\u00e1laga, Sevilla y Pablo de Olavide se han reunido hoy jueves en el campus de la UPO para establecer una hoja de ruta que les permita afrontar de forma conjunta los problemas de financiaci\u00f3n que viene soportando la actividad cient\u00edfica y tecnol\u00f3gica en el sistema universitario. En la reuni\u00f3n se han tratado temas relacionados con las convocatorias p\u00fablicas de proyectos y de ayudas a grupos de investigaci\u00f3n, la situaci\u00f3n del personal investigador o los institutos de I+D universitarios.<\/p>\n<p>Eva Mar\u00eda V\u00e1zquez S\u00e1nchez, directora general de Investigaci\u00f3n, Tecnolog\u00eda y Empresa de la Consejer\u00eda de Econom\u00eda, Innovaci\u00f3n, Ciencia y Empleo de la Junta de Andaluc\u00eda, ha asistido a la reuni\u00f3n para tratar dichos temas e informar acerca de las novedades en torno a las estrategias de la Junta de cara a la captaci\u00f3n de fondos europeos para la investigaci\u00f3n y el desarrollo.<\/p>\n<p>&nbsp;<\/p>\n","protected":false},"excerpt":{"rendered":"<p>Los vicerrectores de Investigaci\u00f3n de las Universidades de Almer\u00eda, C\u00e1diz, C\u00f3rdoba, Granada, Huelva, Ja\u00e9n, M\u00e1laga, Sevilla y Pablo de Olavide se han reunido hoy jueves en el campus de la UPO para establecer una hoja de ruta que les permita afrontar de forma conjunta los problemas de financiaci\u00f3n que viene soportando la actividad cient\u00edfica y tecnol\u00f3gica en el sistema universitario.<\/p>\n","protected":false},"author":6,"featured_media":0,"comment_status":"closed","ping_status":"open","sticky":false,"template":"","format":"standard","meta":{"_monsterinsights_skip_tracking":false,"_monsterinsights_sitenote_active":false,"_monsterinsights_sitenote_note":"","_monsterinsights_sitenote_category":0,"footnotes":""},"categories":[6],"tags":[144,202,874,56,203,39,442],"class_list":["post-1813862","post","type-post","status-publish","format-standard","hentry","category-institucional","tag-crisis","tag-encuentro-institucional","tag-financiacion","tag-investigacion","tag-junta-de-andalucia","tag-universidades","tag-vicerrectorado"],"_links":{"self":[{"href":"https:\/\/www.upo.es\/diario\/wp-json\/wp\/v2\/posts\/1813862","targetHints":{"allow":["GET"]}}],"collection":[{"href":"https:\/\/www.upo.es\/diario\/wp-json\/wp\/v2\/posts"}],"about":[{"href":"https:\/\/www.upo.es\/diario\/wp-json\/wp\/v2\/types\/post"}],"author":[{"embeddable":true,"href":"https:\/\/www.upo.es\/diario\/wp-json\/wp\/v2\/users\/6"}],"replies":[{"embeddable":true,"href":"https:\/\/www.upo.es\/diario\/wp-json\/wp\/v2\/comments?post=1813862"}],"version-history":[{"count":6,"href":"https:\/\/www.upo.es\/diario\/wp-json\/wp\/v2\/posts\/1813862\/revisions"}],"predecessor-version":[{"id":1813866,"href":"https:\/\/www.upo.es\/diario\/wp-json\/wp\/v2\/posts\/1813862\/revisions\/1813866"}],"wp:attachment":[{"href":"https:\/\/www.upo.es\/diario\/wp-json\/wp\/v2\/media?parent=1813862"}],"wp:term":[{"taxonomy":"category","embeddable":true,"href":"https:\/\/www.upo.es\/diario\/wp-json\/wp\/v2\/categories?post=1813862"},{"taxonomy":"post_tag","embeddable":true,"href":"https:\/\/www.upo.es\/diario\/wp-json\/wp\/v2\/tags?post=1813862"}],"curies":[{"name":"wp","href":"https:\/\/api.w.org\/{rel}","templated":true}]}}