{"id":1814485,"date":"2013-10-18T11:07:22","date_gmt":"2013-10-18T11:07:22","guid":{"rendered":"https:\/\/www.upo.es\/diario\/?p=1814485"},"modified":"2013-10-21T11:04:31","modified_gmt":"2013-10-21T11:04:31","slug":"el-84-de-los-parlamentarios-andaluces-cree-que-deberia-reformarse-la-constitucion-espanola","status":"publish","type":"post","link":"https:\/\/www.upo.es\/diario\/institucional\/2013\/10\/el-84-de-los-parlamentarios-andaluces-cree-que-deberia-reformarse-la-constitucion-espanola\/","title":{"rendered":"El 84% de los parlamentarios andaluces cree que deber\u00eda reformarse la Constituci\u00f3n espa\u00f1ola"},"content":{"rendered":"<figure id=\"attachment_1814486\" aria-describedby=\"caption-attachment-1814486\" style=\"width: 320px\" class=\"wp-caption alignright\"><a href=\"https:\/\/www.upo.es\/diario\/wp-content\/uploads\/2013\/10\/estudio_parlamentarios.jpg\"><img loading=\"lazy\" decoding=\"async\" class=\"size-medium wp-image-1814486\" alt=\"Desde la izquierda: Xavier Coller, Vicente Guzm\u00e1n, Manuel Gracia y Antonio M. Jaime\" src=\"https:\/\/www.upo.es\/diario\/wp-content\/uploads\/2013\/10\/estudio_parlamentarios-320x213.jpg\" width=\"320\" height=\"213\" srcset=\"https:\/\/www.upo.es\/diario\/wp-content\/uploads\/2013\/10\/estudio_parlamentarios-320x213.jpg 320w, https:\/\/www.upo.es\/diario\/wp-content\/uploads\/2013\/10\/estudio_parlamentarios-1024x682.jpg 1024w, https:\/\/www.upo.es\/diario\/wp-content\/uploads\/2013\/10\/estudio_parlamentarios-600x400.jpg 600w\" sizes=\"auto, (max-width: 320px) 100vw, 320px\" \/><\/a><figcaption id=\"caption-attachment-1814486\" class=\"wp-caption-text\">Desde la izquierda: Xavier Coller, Vicente Guzm\u00e1n, Manuel Gracia y Antonio M. Jaime<\/figcaption><\/figure>\n<p>El 84 por ciento de los parlamentarios andaluces considera que deber\u00eda reformarse la Constituci\u00f3n espa\u00f1ola, seg\u00fan una las conclusiones del estudio \u201cEl perfil del poder. Radiograf\u00eda de los parlamentarios andaluces (2008-2012)\u201d, elaborado por Xavier Coller, catedr\u00e1tico de Sociolog\u00eda de la UPO, y por Antonio M. Jaime, profesor de Sociolog\u00eda de la Universidad de M\u00e1laga, que ha sido presentado hoy en la Universidad Pablo de Olavide por el presidente del Parlamento de Andaluc\u00eda, Manuel Gracia, y por el rector de la Universidad Pablo de Olavide, Vicente Guzm\u00e1n.<\/p>\n<p>Este estudio \u201ccontribuye a poder evaluar m\u00e1s acertadamente a quienes nos dedicamos en estos momentos a la pol\u00edtica\u201d, ha afirmado el presidente del Parlamento de Andaluc\u00eda, para quien \u201cla recuperaci\u00f3n y el prestigio de lo p\u00fablico ser\u00e1n posibles si actuamos con transparencia, con cercan\u00eda y con la participaci\u00f3n de la ciudadan\u00eda\u201d.<\/p>\n<p>Por su parte, el rector de la UPO ha se\u00f1alado que \u201ca trav\u00e9s de estudios como \u00e9ste la Universidad se reinvidica con investigaciones bien hechas, que tienen un valor para la sociedad a la que van dirigidas\u201d.<\/p>\n<p>Este estudio pionero se basa en una encuesta presencial a una muestra de 60 parlamentarios andaluces y que forma parte de un estudio m\u00e1s amplio a 589 diputados auton\u00f3micos, senadores y miembros del Congreso de los Diputados, y que intenta dar a conocer qui\u00e9nes son nuestros diputados, c\u00f3mo llegan al Parlamento, qu\u00e9 hacen all\u00ed y qu\u00e9 piensan sobre asuntos relevantes para la ciudadan\u00eda y la vida pol\u00edtica andaluza y espa\u00f1ola.<\/p>\n<p>El estudio ha sido editado por el Parlamento de Andaluc\u00eda y consta de ocho cap\u00edtulos donde se tratan aspectos como el perfil social, la selecci\u00f3n y el reclutamiento de los parlamentarios, las motivaciones para dedicarse a la pol\u00edtica, las formas de representaci\u00f3n, el desarrollo de las tareas parlamentarias, la identidad colectiva, la reproducci\u00f3n ideol\u00f3gica y las explicaciones de la desconfianza hacia la pol\u00edtica, y las relaciones con Europa.<\/p>\n<p>El perfil social de los parlamentarios es el de un var\u00f3n (54%) de mediana edad (47 a\u00f1os), casado, con al menos un hijo y nacido en Andaluc\u00eda. Ha estudiado en centros p\u00fablicos, tiene una carrera universitaria, suele ser abogado o docente, creyente e implicado en acciones c\u00edvicas durante su juventud. Entienden que su profesi\u00f3n previa les ha ayudado a manejarse en la arena pol\u00edtica y que, tambi\u00e9n, la experiencia en la pol\u00edtica puede ayudarles en su vuelta a la vida habitual en t\u00e9rminos de gesti\u00f3n de la realidad, conocimientos legales, y una visi\u00f3n m\u00e1s global.<\/p>\n<p>Los diputados suelen atribuir a los l\u00edderes regionales y locales la mayor capacidad para configurar las listas electorales, aunque tambi\u00e9n entienden que la selecci\u00f3n que se desarrolla en los partidos suele combinar elementos democr\u00e1ticos y meritocr\u00e1ticos. La vocaci\u00f3n pol\u00edtica deriva fundamentalmente de la socializaci\u00f3n familiar (el 39% tienen familiares dedicados a la pol\u00edtica) y de experiencias personales y colectivas (como la transici\u00f3n o la lucha contra la dictadura) en combinaci\u00f3n con la voluntad de servicio p\u00fablico y de trasformaci\u00f3n de la realidad. A poco m\u00e1s de un tercio les gustar\u00eda repetir, y un 42% prefiere la vida pol\u00edtica municipal para el futuro (especialmente entre las mujeres). Los parlamentarios resienten la p\u00e9rdida de privacidad, la falta de posibilidades de conciliar la vida familiar con la parlamentaria y la intensidad de su trabajo.<\/p>\n<p>Los diputados suelen tener contactos frecuentes con la sociedad civil y lo m\u00e1s habitual es que se les contacte por medios inform\u00e1ticos (correo electr\u00f3nico, redes sociales) o por tel\u00e9fono. En t\u00e9rminos generales, entienden que deben tratar de descubrir lo que piensan los electores y trasladarlo a la c\u00e1mara (61%), y una buena porci\u00f3n (58%) entiende que se deber\u00eda acceder a los parlamentos por\u00a0 la val\u00eda personal de los individuos, no por la existencia de cuotas (58%), aunque casi la mitad (47%) entiende que las cuotas deben ser medidas temporales, reducen la subrepresentaci\u00f3n de las mujeres (58%) e incrementan la legitimidad de los parlamentos (67%).<\/p>\n<p>La mayor parte de diputados (85%) acepta la disciplina de partido aunque prefieren hacer constar su opini\u00f3n discordante y, en el caso de que se decida abandonar el partido, el 98% cree que se deber\u00eda renunciar al esca\u00f1o para que lo ocupe otra persona. A partir de las percepciones de los entrevistados\/as se comprueba que el sistema electoral proporcional basado en listas cerradas y bloqueadas tiene dos efectos principales: por un lado, genera una elevada disciplina de partido y grupos parlamentarios cohesionados; por otro, produce una forma espec\u00edfica de profesionalizaci\u00f3n pol\u00edtica en el interior de los partidos con niveles relativamente bajos de especializaci\u00f3n legislativa (\u201camateurismo legislativo\u201d), como consecuencia de la alta tasa de rotaci\u00f3n parlamentaria en las carreras pol\u00edticas.<\/p>\n<p>No hay duda de que los diputados se sienten espa\u00f1oles y andaluces (83%), ilustrando una identidad dual poco reconocida por el nacionalismo. Para la gran mayor\u00eda (83%), ser andaluz es algo especial, particularmente para los m\u00e1s j\u00f3venes, y este \u201cser especial\u201d se concreta en una cultura, un sentimiento de pertenencia, una identificaci\u00f3n con un colectivo en combinaci\u00f3n con sentimientos de orgullo y satisfacci\u00f3n. El nacionalismo andaluz es m\u00e1s bajo (2.99 de media) que el espa\u00f1ol (4.59), aunque lo que impera es un cierto regionalismo (5.76) que casa con la identidad dual. Hay un cierto agravio hist\u00f3rico que no empuja hacia una reivindicaci\u00f3n de m\u00e1s competencias entre los diputados, aunque s\u00ed un cierto descontento con el nivel de financiaci\u00f3n (67%).<\/p>\n<p>La C\u00e1mara andaluza tiene una media ideol\u00f3gica del 4.37. Aunque hay diferencias por partidos, como es de esperar (IU 2, PSOE 3.2 y PP 5.7), existe congruencia entre la ideolog\u00eda media de los diputados de un grupo y la que atribuyen a su partido. La ideolog\u00eda de los diputados est\u00e1 estrechamente vinculada a la de sus familias, lo que permite hablar de una cierta reproducci\u00f3n ideol\u00f3gica. Hay una cierta coincidencia en las causas del desprestigio de la pol\u00edtica, que la achacan a la corrupci\u00f3n de algunos pol\u00edticos, la crispaci\u00f3n de la vida pol\u00edtica cotidiana y las cr\u00edticas de los medios de comunicaci\u00f3n. Estos factores tambi\u00e9n son referidos como los m\u00e1s importantes para explicar la desconfianza hacia los partidos, en combinaci\u00f3n con la acusaci\u00f3n de la falta de contacto con los problemas reales de la gente.<\/p>\n<p>La gran mayor\u00eda de los parlamentarios (84%) cree que deber\u00eda reformarse la Constituci\u00f3n, especialmente en lo que se refiere a la Corona (sucesi\u00f3n), la organizaci\u00f3n territorial del Estado y el Senado.\u00a0 M\u00e1s de tres cuartas partes de los diputados creen que el Senado deber\u00eda convertirse en c\u00e1mara de representaci\u00f3n territorial, aunque m\u00e1s de dos tercios creen que deber\u00edan ser elegidos por el sistema actual o uno similar.<\/p>\n<p>Europa es la asignatura pendiente de los diputados andaluces. Espa\u00f1a es uno de los grandes receptores de las ayudas comunitarias en Europa. De la misma manera, tanto el Estado central como los representantes de las comunidades aut\u00f3nomas est\u00e1n muy presentes en las instituciones comunitarias. Sin embargo, apenas hay indicios de este proceso de \u201ceuropeizaci\u00f3n\u201d entre los diputados. Dichos representantes colaboran poco con sus hom\u00f3logos\u00a0 extranjeros. Adem\u00e1s, pocos perciben las instituciones de la Uni\u00f3n Europea como una posible salida laboral. A la postre, la mayor\u00eda de sus se\u00f1or\u00edas se muestra muy pesimista en cuanto al papel de los parlamentos espa\u00f1oles en la esfera europea. A fin de cuentas, la buena imagen de la que goza la integraci\u00f3n europea en Espa\u00f1a parece m\u00e1s motivada por un cierto desconocimiento que por un inter\u00e9s real.<\/p>\n<p>Para m\u00e1s informaci\u00f3n sobre este estudio y los profesores que lo realizan:<br \/>\n<a href=\"http:\/\/www.upo.es\/democraciayautonomias\/proyectos\/encuensta_a_parlamentario\/\">www.upo.es\/democraciayautonomias<\/a><\/p>\n","protected":false},"excerpt":{"rendered":"<p>El 84 por ciento de los parlamentarios andaluces considera que deber\u00eda reformarse la Constituci\u00f3n espa\u00f1ola, seg\u00fan una las conclusiones del estudio \u201cEl perfil del poder. Radiograf\u00eda de los parlamentarios andaluces (2008-2012)\u201d, elaborado por Xavier Coller, catedr\u00e1tico de Sociolog\u00eda de la UPO, y por Antonio M. Jaime, profesor de Sociolog\u00eda de la Universidad de M\u00e1laga. Este estudio \u201ccontribuye a poder evaluar m\u00e1s acertadamente a quienes nos dedicamos en estos momentos a la pol\u00edtica\u201d, afirm\u00f3 en su presentaci\u00f3n el presidente del Parlamento de Andaluc\u00eda, para quien \u201cla recuperaci\u00f3n y el prestigio de lo p\u00fablico ser\u00e1n posibles si actuamos con transparencia, con cercan\u00eda y con la participaci\u00f3n de la ciudadan\u00eda\u201d.<\/p>\n","protected":false},"author":6,"featured_media":0,"comment_status":"closed","ping_status":"open","sticky":false,"template":"","format":"standard","meta":{"_monsterinsights_skip_tracking":false,"_monsterinsights_sitenote_active":false,"_monsterinsights_sitenote_note":"","_monsterinsights_sitenote_category":0,"footnotes":""},"categories":[6],"tags":[190,943,238,635,56,138,76,334],"class_list":["post-1814485","post","type-post","status-publish","format-standard","hentry","category-institucional","tag-andalucia","tag-diputados","tag-encuesta","tag-estado","tag-investigacion","tag-parlamento","tag-politica","tag-presentacion"],"_links":{"self":[{"href":"https:\/\/www.upo.es\/diario\/wp-json\/wp\/v2\/posts\/1814485","targetHints":{"allow":["GET"]}}],"collection":[{"href":"https:\/\/www.upo.es\/diario\/wp-json\/wp\/v2\/posts"}],"about":[{"href":"https:\/\/www.upo.es\/diario\/wp-json\/wp\/v2\/types\/post"}],"author":[{"embeddable":true,"href":"https:\/\/www.upo.es\/diario\/wp-json\/wp\/v2\/users\/6"}],"replies":[{"embeddable":true,"href":"https:\/\/www.upo.es\/diario\/wp-json\/wp\/v2\/comments?post=1814485"}],"version-history":[{"count":5,"href":"https:\/\/www.upo.es\/diario\/wp-json\/wp\/v2\/posts\/1814485\/revisions"}],"predecessor-version":[{"id":1837249,"href":"https:\/\/www.upo.es\/diario\/wp-json\/wp\/v2\/posts\/1814485\/revisions\/1837249"}],"wp:attachment":[{"href":"https:\/\/www.upo.es\/diario\/wp-json\/wp\/v2\/media?parent=1814485"}],"wp:term":[{"taxonomy":"category","embeddable":true,"href":"https:\/\/www.upo.es\/diario\/wp-json\/wp\/v2\/categories?post=1814485"},{"taxonomy":"post_tag","embeddable":true,"href":"https:\/\/www.upo.es\/diario\/wp-json\/wp\/v2\/tags?post=1814485"}],"curies":[{"name":"wp","href":"https:\/\/api.w.org\/{rel}","templated":true}]}}