{"id":18354414,"date":"2017-02-16T06:03:47","date_gmt":"2017-02-16T06:03:47","guid":{"rendered":"https:\/\/www.upo.es\/diario\/?p=18354414"},"modified":"2017-02-17T07:53:07","modified_gmt":"2017-02-17T07:53:07","slug":"mas-de-300-investigadores-se-reunen-en-el-vi-congreso-de-la-red-espanola-de-politicas-sociales","status":"publish","type":"post","link":"https:\/\/www.upo.es\/diario\/institucional\/2017\/02\/mas-de-300-investigadores-se-reunen-en-el-vi-congreso-de-la-red-espanola-de-politicas-sociales\/","title":{"rendered":"M\u00e1s de 300 investigadores se re\u00fanen en el VI Congreso de la Red Espa\u00f1ola de Pol\u00edticas Sociales"},"content":{"rendered":"<figure id=\"attachment_18373455\" aria-describedby=\"caption-attachment-18373455\" style=\"width: 600px\" class=\"wp-caption aligncenter\"><a href=\"https:\/\/www.upo.es\/diario\/wp-content\/uploads\/2017\/02\/congreso_politicassociales.jpg\"><img loading=\"lazy\" decoding=\"async\" class=\"size-large wp-image-18373455\" alt=\"En la imagen, de izquierda a derecha, Luis Miguel Pons, Bruno Mart\u00ednez Haya, Manuel Mart\u00ednez Domene, Rafael Herrador Mart\u00ednez y Mar\u00eda Rosa Herrera. \" src=\"https:\/\/www.upo.es\/diario\/wp-content\/uploads\/2017\/02\/congreso_politicassociales-600x400.jpg\" width=\"600\" height=\"400\" srcset=\"https:\/\/www.upo.es\/diario\/wp-content\/uploads\/2017\/02\/congreso_politicassociales-600x400.jpg 600w, https:\/\/www.upo.es\/diario\/wp-content\/uploads\/2017\/02\/congreso_politicassociales-320x213.jpg 320w\" sizes=\"auto, (max-width: 600px) 100vw, 600px\" \/><\/a><figcaption id=\"caption-attachment-18373455\" class=\"wp-caption-text\">En la imagen, de izquierda a derecha, Luis Miguel Pons, Bruno Mart\u00ednez Haya, Manuel Mart\u00ednez Domene, Rafael Herrador Mart\u00ednez y Mar\u00eda Rosa Herrera.<\/figcaption><\/figure>\n<p style=\"text-align: justify;\">M\u00e1s de 300 investigadores se reunir\u00e1n hoy jueves d\u00eda 16 y ma\u00f1ana viernes 17 de febrero en el <b><a href=\"http:\/\/reps-sevilla.com\/\">VI Congreso de la Red Espa\u00f1ola de Pol\u00edtica Social<\/a><\/b> (REPS), un encuentro organizado por el Departamento de Trabajo Social y Servicios Sociales de la Universidad Pablo de Olavide que tendr\u00e1 lugar en la sede de la Fundaci\u00f3n Cajasol (Plaza de San Francisco, 1).<\/p>\n<p style=\"text-align: justify;\">La inauguraci\u00f3n ha estado\u00a0presidida por Bruno Mart\u00ednez Haya, vicerrector de Investigaci\u00f3n y Transferencia de Tecnolog\u00eda de la UPO, acompa\u00f1ado por Manuel Mart\u00ednez Domene, viceconcejero de Igualdad y Pol\u00edticas Sociales de la Junta de Andaluc\u00eda; Rafael Herrador Mart\u00ednez, director territorial de Caixabank en Andaluc\u00eda Occidental; Luis Miguel Pons, subdirector adjunto de Acci\u00f3n Social de la Fundaci\u00f3n Cajasol; Gregorio Rodr\u00edguez Cabrero, copresidente de la Red Espa\u00f1ola de Pol\u00edticas Sociales,\u00a0y Mar\u00eda Rosa Herrera, copresidenta del comit\u00e9 organizador del congreso y directora del Departamento de Trabajo Social y Servicios Sociales de la UPO.<\/p>\n<p style=\"text-align: justify;\">El encuentro, que se celebra en el marco de Espanet-Europe (The European Network for Social Policy analysis) bajo el lema \u201cPactar el futuro. Debate para un nuevo consenso en torno al bienestar\u201d, es una nueva oportunidad para el intercambio y aprendizaje del conocimiento en pol\u00edticas sociales en la que participar\u00e1n investigadores y actores claves para el desarrollo de las pol\u00edticas sociales de\u00a0 Espa\u00f1a y otros pa\u00edses de Europa y Latino Am\u00e9rica.<\/p>\n<p style=\"text-align: justify;\">As\u00ed, las conferencias y sesiones plenarias estar\u00e1n a cargo de investigadores y acad\u00e9micos de reconocido prestigio como Maurizio Ferrera (Universidad de Mil\u00e1n); Francine Mestrum (Global Social Justice);\u00a0 Luis Moreno Fern\u00e1ndez\u00a0 (Consejo Superior de Investigaciones Cient\u00edficas) Adela Cortina Orts (Universidad de Valencia); \u200eClemente Navarro Y\u00e1\u00f1ez (Universidad Pablo de Olavide); Joan Subirats i Humet (Universidad Aut\u00f3noma de Barcelona); Manuel P\u00e9rez Yruela (Instituto de Estudios Sociales Avanzados); Luis Ayala Ca\u00f1\u00f3n (Universidad Rey Juan Carlos); Teresa Jurado Guerrero (Universidad Nacional de Educaci\u00f3n a Distancia); Jes\u00fas P\u00e9rez Mayo (Universidad de Extremadura); Miguel \u00c1ngel Malo Oca\u00f1a (Universidad de Salamanca); Luis Sanzo Gonz\u00e1lez (Departamento de Empleo y Pol\u00edticas Sociales. Gobierno Vasco); V\u00edctor Renes Ayala (Revista Espa\u00f1ola del Tercer Sector) y Fernando Fantova Azkoaga (Consultor social).<\/p>\n<figure id=\"attachment_18354419\" aria-describedby=\"caption-attachment-18354419\" style=\"width: 320px\" class=\"wp-caption alignright\"><a href=\"https:\/\/www.upo.es\/diario\/wp-content\/uploads\/2017\/02\/reunion_CongresoREPS.jpg\"><img loading=\"lazy\" decoding=\"async\" class=\"size-medium wp-image-18354419\" alt=\"Los organizadores del Congreso junto con el rector de la UPO.\" src=\"https:\/\/www.upo.es\/diario\/wp-content\/uploads\/2017\/02\/reunion_CongresoREPS-320x229.jpg\" width=\"320\" height=\"229\" srcset=\"https:\/\/www.upo.es\/diario\/wp-content\/uploads\/2017\/02\/reunion_CongresoREPS-320x229.jpg 320w, https:\/\/www.upo.es\/diario\/wp-content\/uploads\/2017\/02\/reunion_CongresoREPS-600x429.jpg 600w\" sizes=\"auto, (max-width: 320px) 100vw, 320px\" \/><\/a><figcaption id=\"caption-attachment-18354419\" class=\"wp-caption-text\">Los organizadores del Congreso junto con el rector de la UPO.<\/figcaption><\/figure>\n<p style=\"text-align: justify;\">Se discutir\u00e1n m\u00e1s de 200 ponencias y comunicaciones que suponen avances de investigaci\u00f3n y propuestas anal\u00edticas de diferentes actores relacionados con las pol\u00edticas sociales en el seno de los 26 grupos de trabajo que se reunir\u00e1n a lo largo de los dos d\u00edas.<\/p>\n<p style=\"text-align: justify;\">En la realizaci\u00f3n de este evento, organizado por el Departamento de Trabajo Social y Servicios Sociales de la Universidad Pablo de Olavide, han colaborado el Departamento de Sociolog\u00eda de la UPO, Obra Social La Caixa, la Consejer\u00eda de Igualdad y Bienestar Social de la Junta de Andaluc\u00eda, la Fundaci\u00f3n Caja Sol, la Fundaci\u00f3n FOESSA, el Defensor del Pueblo Andaluz y\u00a0 la Asociaci\u00f3n Paz y Bien.<\/p>\n<p style=\"text-align: justify;\"><b><a href=\"http:\/\/reps-sevilla.com\/programa-oficial\/\">PROGRAMA DEL CONGRESO<\/a><\/b><\/p>\n","protected":false},"excerpt":{"rendered":"<p>M\u00e1s de 300 investigadores se re\u00fanen en el VI Congreso de la Red Espa\u00f1ola de Pol\u00edtica Social (REPS), un encuentro organizado por el Departamento de Trabajo Social y Servicios Sociales de la Universidad Pablo de Olavide que tendr\u00e1 lugar en la sede de la Fundaci\u00f3n Cajasol (Plaza de San Francisco, 1).<\/p>\n","protected":false},"author":4,"featured_media":0,"comment_status":"closed","ping_status":"open","sticky":false,"template":"","format":"standard","meta":{"_monsterinsights_skip_tracking":false,"_monsterinsights_sitenote_active":false,"_monsterinsights_sitenote_note":"","_monsterinsights_sitenote_category":0,"footnotes":""},"categories":[6],"tags":[354,3405,3875,2360,3874],"class_list":["post-18354414","post","type-post","status-publish","format-standard","hentry","category-institucional","tag-congreso","tag-departamento-de-trabajo-social-y-servicios-sociales","tag-german-jaraiz","tag-politicas-sociales","tag-reps"],"_links":{"self":[{"href":"https:\/\/www.upo.es\/diario\/wp-json\/wp\/v2\/posts\/18354414","targetHints":{"allow":["GET"]}}],"collection":[{"href":"https:\/\/www.upo.es\/diario\/wp-json\/wp\/v2\/posts"}],"about":[{"href":"https:\/\/www.upo.es\/diario\/wp-json\/wp\/v2\/types\/post"}],"author":[{"embeddable":true,"href":"https:\/\/www.upo.es\/diario\/wp-json\/wp\/v2\/users\/4"}],"replies":[{"embeddable":true,"href":"https:\/\/www.upo.es\/diario\/wp-json\/wp\/v2\/comments?post=18354414"}],"version-history":[{"count":7,"href":"https:\/\/www.upo.es\/diario\/wp-json\/wp\/v2\/posts\/18354414\/revisions"}],"predecessor-version":[{"id":18391620,"href":"https:\/\/www.upo.es\/diario\/wp-json\/wp\/v2\/posts\/18354414\/revisions\/18391620"}],"wp:attachment":[{"href":"https:\/\/www.upo.es\/diario\/wp-json\/wp\/v2\/media?parent=18354414"}],"wp:term":[{"taxonomy":"category","embeddable":true,"href":"https:\/\/www.upo.es\/diario\/wp-json\/wp\/v2\/categories?post=18354414"},{"taxonomy":"post_tag","embeddable":true,"href":"https:\/\/www.upo.es\/diario\/wp-json\/wp\/v2\/tags?post=18354414"}],"curies":[{"name":"wp","href":"https:\/\/api.w.org\/{rel}","templated":true}]}}