{"id":18354421,"date":"2017-02-17T00:33:54","date_gmt":"2017-02-17T00:33:54","guid":{"rendered":"https:\/\/www.upo.es\/diario\/?p=18354421"},"modified":"2017-02-17T07:56:17","modified_gmt":"2017-02-17T07:56:17","slug":"la-upo-celebra-manana-el-foro-unia-hijos-de-andalucia-dedicado-a-concha-caballero","status":"publish","type":"post","link":"https:\/\/www.upo.es\/diario\/institucional\/2017\/02\/la-upo-celebra-manana-el-foro-unia-hijos-de-andalucia-dedicado-a-concha-caballero\/","title":{"rendered":"La UPO celebra el \u201cForo UNIA-Hijos de Andaluc\u00eda\u201d dedicado a Concha Caballero"},"content":{"rendered":"<figure id=\"attachment_18373458\" aria-describedby=\"caption-attachment-18373458\" style=\"width: 600px\" class=\"wp-caption aligncenter\"><a href=\"https:\/\/www.upo.es\/diario\/wp-content\/uploads\/2017\/02\/UNIA_ConchaCaballero_2017_02_16_22.jpg\"><img loading=\"lazy\" decoding=\"async\" class=\"size-large wp-image-18373458\" alt=\"El Foro ha comenzado con el documental \u201cDefender la alegr\u00eda\u201d \" src=\"https:\/\/www.upo.es\/diario\/wp-content\/uploads\/2017\/02\/UNIA_ConchaCaballero_2017_02_16_22-600x337.jpg\" width=\"600\" height=\"337\" srcset=\"https:\/\/www.upo.es\/diario\/wp-content\/uploads\/2017\/02\/UNIA_ConchaCaballero_2017_02_16_22-600x337.jpg 600w, https:\/\/www.upo.es\/diario\/wp-content\/uploads\/2017\/02\/UNIA_ConchaCaballero_2017_02_16_22-320x179.jpg 320w\" sizes=\"auto, (max-width: 600px) 100vw, 600px\" \/><\/a><figcaption id=\"caption-attachment-18373458\" class=\"wp-caption-text\">El Foro ha comenzado con el documental \u201cDefender la alegr\u00eda\u201d<\/figcaption><\/figure>\n<p>La Universidad Pablo de Olavide celebr\u00f3 ayer jueves 16 de febrero, <strong>en la sala de grados del edificio 7<\/strong>, el<strong> \u201cForo UNIA-Hijos de Andaluc\u00eda\u201d dedicado a la figura de Concha Caballero<\/strong>, en el que se ha proyectado el <strong>documental \u201cDefender la alegr\u00eda\u201d<\/strong>, dedicado a la primera mujer portavoz de un grupo parlamentario en el Parlamento andaluz, quien recibi\u00f3 la Medalla de Andaluc\u00eda a t\u00edtulo p\u00f3stumo en febrero de 2015.<\/p>\n<p>Tras la proyecci\u00f3n se celebr\u00f3 un coloquio en torno al tema<strong> \u201cQuien dijo que todo est\u00e1 perdido. La ilusi\u00f3n al rescate de la pol\u00edtica\u201d<\/strong>. David Naranjo Gil, vicepresidente ejecutivo de Fundaciones de la UPO, recibi\u00f3 a los asistentes de este acto abierto a toda la comunidad universitaria y al p\u00fablico en general.<\/p>\n<p><img loading=\"lazy\" decoding=\"async\" class=\"alignright size-medium wp-image-18354422\" alt=\"\u201cForo UNIA-Hijos de Andaluc\u00eda\u201d dedicado a Concha Caballero\" src=\"https:\/\/www.upo.es\/diario\/wp-content\/uploads\/2017\/02\/foro-UNIA-16_02_17-320x152.jpg\" width=\"320\" height=\"152\" srcset=\"https:\/\/www.upo.es\/diario\/wp-content\/uploads\/2017\/02\/foro-UNIA-16_02_17-320x152.jpg 320w, https:\/\/www.upo.es\/diario\/wp-content\/uploads\/2017\/02\/foro-UNIA-16_02_17-600x285.jpg 600w\" sizes=\"auto, (max-width: 320px) 100vw, 320px\" \/>\u201cForos UNIA-Hijos de Andaluc\u00eda\u201d es un proyecto de la Universidad Internacional de Andaluc\u00eda (UNIA), Canal Sur, y la Fundaci\u00f3n Cajasol para divulgar las biograf\u00edas y trayectorias de andaluces que, adem\u00e1s de ser referentes en su campo de actividad, representan valores de esfuerzo, creatividad y compromiso.\u00a0 Estos encuentros tem\u00e1ticos se realizan en todas las universidades andaluzas y est\u00e1n vinculados a la serie \u201cHijos de Andaluc\u00eda\u201d\u2013 que emite Canal Sur\u2013 y que realiza retratos de personas, mujeres y hombres de la Comunidad Aut\u00f3noma de Andaluc\u00eda distinguidos con las Medallas de Andaluc\u00eda o el t\u00edtulo de Hijos Predilectos.<\/p>\n","protected":false},"excerpt":{"rendered":"<p>La Universidad Pablo de Olavide ha celebrado el \u201cForo UNIA-Hijos de Andaluc\u00eda\u201d dedicado a la figura de Concha Caballero, en el que se ha proyectado el documental \u201cDefender la alegr\u00eda\u201d, dedicado a la primera mujer portavoz de un grupo parlamentario en el Parlamento andaluz, quien recibi\u00f3 la Medalla de Andaluc\u00eda a t\u00edtulo p\u00f3stumo en febrero de 2015.<\/p>\n","protected":false},"author":6,"featured_media":0,"comment_status":"closed","ping_status":"open","sticky":false,"template":"","format":"standard","meta":{"_monsterinsights_skip_tracking":false,"_monsterinsights_sitenote_active":false,"_monsterinsights_sitenote_note":"","_monsterinsights_sitenote_category":0,"footnotes":""},"categories":[6],"tags":[190,603,222,76,170],"class_list":["post-18354421","post","type-post","status-publish","format-standard","hentry","category-institucional","tag-andalucia","tag-coloquio","tag-documental","tag-politica","tag-unia"],"_links":{"self":[{"href":"https:\/\/www.upo.es\/diario\/wp-json\/wp\/v2\/posts\/18354421","targetHints":{"allow":["GET"]}}],"collection":[{"href":"https:\/\/www.upo.es\/diario\/wp-json\/wp\/v2\/posts"}],"about":[{"href":"https:\/\/www.upo.es\/diario\/wp-json\/wp\/v2\/types\/post"}],"author":[{"embeddable":true,"href":"https:\/\/www.upo.es\/diario\/wp-json\/wp\/v2\/users\/6"}],"replies":[{"embeddable":true,"href":"https:\/\/www.upo.es\/diario\/wp-json\/wp\/v2\/comments?post=18354421"}],"version-history":[{"count":5,"href":"https:\/\/www.upo.es\/diario\/wp-json\/wp\/v2\/posts\/18354421\/revisions"}],"predecessor-version":[{"id":18371630,"href":"https:\/\/www.upo.es\/diario\/wp-json\/wp\/v2\/posts\/18354421\/revisions\/18371630"}],"wp:attachment":[{"href":"https:\/\/www.upo.es\/diario\/wp-json\/wp\/v2\/media?parent=18354421"}],"wp:term":[{"taxonomy":"category","embeddable":true,"href":"https:\/\/www.upo.es\/diario\/wp-json\/wp\/v2\/categories?post=18354421"},{"taxonomy":"post_tag","embeddable":true,"href":"https:\/\/www.upo.es\/diario\/wp-json\/wp\/v2\/tags?post=18354421"}],"curies":[{"name":"wp","href":"https:\/\/api.w.org\/{rel}","templated":true}]}}