{"id":1837253,"date":"2013-10-21T11:25:59","date_gmt":"2013-10-21T11:25:59","guid":{"rendered":"https:\/\/www.upo.es\/diario\/?p=1837253"},"modified":"2013-10-21T11:25:59","modified_gmt":"2013-10-21T11:25:59","slug":"sobresaliente-cum-laude-para-la-tesis-la-violencia-escolar-desde-una-perspectiva-intercultural-los-casos-de-mexico-y-espana","status":"publish","type":"post","link":"https:\/\/www.upo.es\/diario\/tesis\/2013\/10\/sobresaliente-cum-laude-para-la-tesis-la-violencia-escolar-desde-una-perspectiva-intercultural-los-casos-de-mexico-y-espana\/","title":{"rendered":"Sobresaliente Cum Laude para la tesis \u201cLa violencia escolar desde una perspectiva intercultural: los casos de M\u00e9xico y Espa\u00f1a\u201d"},"content":{"rendered":"<p>Hoy lunes ha tenido lugar en la sala de grados del edificio 6, la defensa p\u00fablica de la tesis doctoral titulada \u00abLa violencia escolar desde una perspectiva intercultural: los casos de M\u00e9xico y Espa\u00f1a\u201d, de la que es autora Karla Mar\u00eda Urias Aguirre. Esta tesis doctoral, dirigida por los profesores Teresa Isabel Jim\u00e9nez Guti\u00e9rrez, de la Universidad de Zaragoza, Estefan\u00eda Est\u00e9vez L\u00f3pez, de la Universidad Miguel Hern\u00e1ndez de Elche y Gonzalo Musitu Ochoa, de la Universidad Pablo de Olavide, ha obtenido la calificaci\u00f3n de Sobresaliente Cum Laude.<\/p>\n","protected":false},"excerpt":{"rendered":"<p>Hoy lunes ha tenido lugar en la sala de grados del edificio 6, la defensa p\u00fablica de la tesis doctoral titulada \u00abLa violencia escolar desde una perspectiva intercultural: los casos de M\u00e9xico y Espa\u00f1a\u201d, de la que es autora Karla Mar\u00eda Urias Aguirre. Esta tesis doctoral, dirigida por los profesores Teresa Isabel Jim\u00e9nez Guti\u00e9rrez, de la Universidad de Zaragoza, Estefan\u00eda Est\u00e9vez L\u00f3pez, de la Universidad Miguel Hern\u00e1ndez de Elche y Gonzalo Musitu Ochoa, de la Universidad Pablo de Olavide, ha obtenido la calificaci\u00f3n de Sobresaliente Cum Laude.<\/p>\n","protected":false},"author":5,"featured_media":0,"comment_status":"closed","ping_status":"open","sticky":false,"template":"","format":"standard","meta":{"_monsterinsights_skip_tracking":false,"_monsterinsights_sitenote_active":false,"_monsterinsights_sitenote_note":"","_monsterinsights_sitenote_category":0,"footnotes":""},"categories":[119],"tags":[285,286,945],"class_list":["post-1837253","post","type-post","status-publish","format-standard","hentry","category-tesis","tag-espana","tag-mexico","tag-violencia-escolar"],"_links":{"self":[{"href":"https:\/\/www.upo.es\/diario\/wp-json\/wp\/v2\/posts\/1837253","targetHints":{"allow":["GET"]}}],"collection":[{"href":"https:\/\/www.upo.es\/diario\/wp-json\/wp\/v2\/posts"}],"about":[{"href":"https:\/\/www.upo.es\/diario\/wp-json\/wp\/v2\/types\/post"}],"author":[{"embeddable":true,"href":"https:\/\/www.upo.es\/diario\/wp-json\/wp\/v2\/users\/5"}],"replies":[{"embeddable":true,"href":"https:\/\/www.upo.es\/diario\/wp-json\/wp\/v2\/comments?post=1837253"}],"version-history":[{"count":1,"href":"https:\/\/www.upo.es\/diario\/wp-json\/wp\/v2\/posts\/1837253\/revisions"}],"predecessor-version":[{"id":1837254,"href":"https:\/\/www.upo.es\/diario\/wp-json\/wp\/v2\/posts\/1837253\/revisions\/1837254"}],"wp:attachment":[{"href":"https:\/\/www.upo.es\/diario\/wp-json\/wp\/v2\/media?parent=1837253"}],"wp:term":[{"taxonomy":"category","embeddable":true,"href":"https:\/\/www.upo.es\/diario\/wp-json\/wp\/v2\/categories?post=1837253"},{"taxonomy":"post_tag","embeddable":true,"href":"https:\/\/www.upo.es\/diario\/wp-json\/wp\/v2\/tags?post=1837253"}],"curies":[{"name":"wp","href":"https:\/\/api.w.org\/{rel}","templated":true}]}}