{"id":1837255,"date":"2013-10-21T09:34:48","date_gmt":"2013-10-21T09:34:48","guid":{"rendered":"https:\/\/www.upo.es\/diario\/?p=1837255"},"modified":"2013-10-22T07:14:12","modified_gmt":"2013-10-22T07:14:12","slug":"la-sede-olavide-en-carmona-acoge-la-celebracion-de-un-encuentro-entre-el-colegio-de-america-y-rudecolombia","status":"publish","type":"post","link":"https:\/\/www.upo.es\/diario\/institucional\/2013\/10\/la-sede-olavide-en-carmona-acoge-la-celebracion-de-un-encuentro-entre-el-colegio-de-america-y-rudecolombia\/","title":{"rendered":"La sede Olavide en Carmona acoge la celebraci\u00f3n de un encuentro entre el Colegio de Am\u00e9rica y Rudecolombia"},"content":{"rendered":"<figure id=\"attachment_1837256\" aria-describedby=\"caption-attachment-1837256\" style=\"width: 320px\" class=\"wp-caption alignright\"><a href=\"https:\/\/www.upo.es\/diario\/wp-content\/uploads\/2013\/10\/rudecolombia.jpg\"><img loading=\"lazy\" decoding=\"async\" class=\"size-medium wp-image-1837256\" alt=\"El acto de inauguraci\u00f3n del mismo ha estado presidido por el director de El Colegio de Am\u00e9rica, Justo Cu\u00f1o; el alcalde de Carmona, Juan \u00c1vila; el rector de la Universidad del Quind\u00edo, Alfonso Londo\u00f1o y el c\u00f3nsul de Colombia en Sevilla, \u00c1lvaro Perdomo\" src=\"https:\/\/www.upo.es\/diario\/wp-content\/uploads\/2013\/10\/rudecolombia-320x214.jpg\" width=\"320\" height=\"214\" srcset=\"https:\/\/www.upo.es\/diario\/wp-content\/uploads\/2013\/10\/rudecolombia-320x214.jpg 320w, https:\/\/www.upo.es\/diario\/wp-content\/uploads\/2013\/10\/rudecolombia-1024x685.jpg 1024w, https:\/\/www.upo.es\/diario\/wp-content\/uploads\/2013\/10\/rudecolombia-600x401.jpg 600w\" sizes=\"auto, (max-width: 320px) 100vw, 320px\" \/><\/a><figcaption id=\"caption-attachment-1837256\" class=\"wp-caption-text\">El acto de inauguraci\u00f3n del mismo ha estado presidido por el director de El Colegio de Am\u00e9rica, Justo Cu\u00f1o; el alcalde de Carmona, Juan \u00c1vila; el rector de la Universidad del Quind\u00edo, Alfonso Londo\u00f1o y el c\u00f3nsul de Colombia en Sevilla, \u00c1lvaro Perdomo<\/figcaption><\/figure>\n<p>La sede de la Universidad Pablo de Olavide en Carmona ha acogido hoy la celebraci\u00f3n de un encuentro entre el Colegio de Am\u00e9rica, centro propio de la UPO y la Red de Universidades Estatales de Colombia (Rudecolombia) para la puesta en marcha de diversos programas virtuales de formaci\u00f3n acad\u00e9mica en Historia, Derechos Humanos, Cooperaci\u00f3n Internacional y Desarrollo, Cinematograf\u00eda, Neurociencias y Neuropsicolog\u00eda, entre otras materias.<\/p>\n<p>El acto de inauguraci\u00f3n del mismo ha estado presidido por el director de El Colegio de Am\u00e9rica, Justo Cu\u00f1o; el alcalde de Carmona, Juan \u00c1vila; el rector de la Universidad del Quind\u00edo, Alfonso Londo\u00f1o y el c\u00f3nsul de Colombia en Sevilla, \u00c1lvaro Perdomo.<\/p>\n<p>A dicho encuentro han asistido tambi\u00e9n el rector de la Universidad colombiana de Cundinamarca, Adolfo Miguel Polo; el director del \u00c1rea de Historia de Am\u00e9rica de la Universidad Pablo de Olavide, Juan Marchena; el catedr\u00e1tico de Fisiolog\u00eda de la UPO y director de la Divisi\u00f3n de Neurociencias, Jos\u00e9 Mar\u00eda Delgado; la asesora de Internacionalizaci\u00f3n de Rudecolombia y representante de la Universidad Pedag\u00f3gica y Tecnol\u00f3gica de Colombia, Diana Soto, adem\u00e1s de otros miembros de la corporaci\u00f3n municipal y de otras universidades colombianas, como la de Cartagena o la del Atl\u00e1ntico.<\/p>\n<p>Entre los objetivos de El Colegio de Am\u00e9rica est\u00e1n preservar y difundir los logros y alcances de las Ciencias, las Humanidades y las Artes, que constituyen los pilares b\u00e1sicos del pensamiento human\u00edstico, cient\u00edfico y jur\u00eddico; conformar un espacio donde los intelectuales y acad\u00e9micos puedan desarrollar sus conocimientos en el \u00e1mbito de la docencia y la investigaci\u00f3n y constituir una tribuna acad\u00e9mica de creaci\u00f3n y difusi\u00f3n de las aportaciones cient\u00edficas ante los retos de un mundo globalizado.<\/p>\n","protected":false},"excerpt":{"rendered":"<p>La sede de la Universidad Pablo de Olavide en Carmona ha acogido la celebraci\u00f3n de un encuentro entre el Colegio de Am\u00e9rica, centro propio de la UPO y la Red de Universidades Estatales de Colombia (Rudecolombia) para la puesta en marcha de diversos programas virtuales de formaci\u00f3n acad\u00e9mica en Historia, Derechos Humanos, Cooperaci\u00f3n Internacional y Desarrollo, Cinematograf\u00eda, Neurociencias y Neuropsicolog\u00eda, entre otras materias.<\/p>\n","protected":false},"author":6,"featured_media":0,"comment_status":"closed","ping_status":"open","sticky":false,"template":"","format":"standard","meta":{"_monsterinsights_skip_tracking":false,"_monsterinsights_sitenote_active":false,"_monsterinsights_sitenote_note":"","_monsterinsights_sitenote_category":0,"footnotes":""},"categories":[6],"tags":[23,236,946,805,519,39],"class_list":["post-1837255","post","type-post","status-publish","format-standard","hentry","category-institucional","tag-carmona","tag-colegio-de-america","tag-colombia","tag-iberoamerica","tag-olavide-en-carmona","tag-universidades"],"_links":{"self":[{"href":"https:\/\/www.upo.es\/diario\/wp-json\/wp\/v2\/posts\/1837255","targetHints":{"allow":["GET"]}}],"collection":[{"href":"https:\/\/www.upo.es\/diario\/wp-json\/wp\/v2\/posts"}],"about":[{"href":"https:\/\/www.upo.es\/diario\/wp-json\/wp\/v2\/types\/post"}],"author":[{"embeddable":true,"href":"https:\/\/www.upo.es\/diario\/wp-json\/wp\/v2\/users\/6"}],"replies":[{"embeddable":true,"href":"https:\/\/www.upo.es\/diario\/wp-json\/wp\/v2\/comments?post=1837255"}],"version-history":[{"count":3,"href":"https:\/\/www.upo.es\/diario\/wp-json\/wp\/v2\/posts\/1837255\/revisions"}],"predecessor-version":[{"id":1837258,"href":"https:\/\/www.upo.es\/diario\/wp-json\/wp\/v2\/posts\/1837255\/revisions\/1837258"}],"wp:attachment":[{"href":"https:\/\/www.upo.es\/diario\/wp-json\/wp\/v2\/media?parent=1837255"}],"wp:term":[{"taxonomy":"category","embeddable":true,"href":"https:\/\/www.upo.es\/diario\/wp-json\/wp\/v2\/categories?post=1837255"},{"taxonomy":"post_tag","embeddable":true,"href":"https:\/\/www.upo.es\/diario\/wp-json\/wp\/v2\/tags?post=1837255"}],"curies":[{"name":"wp","href":"https:\/\/api.w.org\/{rel}","templated":true}]}}