{"id":1837886,"date":"2013-10-22T04:30:19","date_gmt":"2013-10-22T04:30:19","guid":{"rendered":"https:\/\/www.upo.es\/diario\/?p=1837886"},"modified":"2013-10-22T07:13:27","modified_gmt":"2013-10-22T07:13:27","slug":"manana-el-profesor-vladimir-aguilar-ofrecera-en-la-upo-un-balance-de-14-anos-de-chavismo-en-venezuela","status":"publish","type":"post","link":"https:\/\/www.upo.es\/diario\/institucional\/2013\/10\/manana-el-profesor-vladimir-aguilar-ofrecera-en-la-upo-un-balance-de-14-anos-de-chavismo-en-venezuela\/","title":{"rendered":"El profesor Vladimir Aguilar ofrece hoy en la UPO un \u201cBalance de 14 a\u00f1os de chavismo\u201d en Venezuela"},"content":{"rendered":"<p>Hoy martes, a las 16.00 horas en el aula 1 del edificio 5 de la Universidad Pablo de Olavide, el profesor Vladimir Aguilar, de la Universidad de los Andes, en M\u00e9rida, Venezuela, ofrece la conferencia \u201cVenezuela entre incertidumbres y certezas. Balance de 14 a\u00f1os de chavismo\u201d. Esta conferencia se enmarca en el \u201cForo Am\u00e9rica-Mediterr\u00e1neo L\u00e1zaro C\u00e1rdenas\u201d que patrocina Laboratorio de Ideas y Pr\u00e1cticas Pol\u00edticas de la UPO (LIPPO).<\/p>\n<p>Vladimir es polit\u00f3logo y abogado, profesor en la Facultad de Ciencias Jur\u00eddicas y Pol\u00edticas de la Universidad de los Andes, M\u00e9rida, Venezuela, en el \u00e1rea de Relaciones Internacionales. Tiene una especializaci\u00f3n en relaciones internacionales en la Universidad Central de Venezuela (UCV) y un diploma de estudios superiores en historia y pol\u00edtica internacional en el Instituto Universitario de Altos Estudios Internacionales (IUHEI) de Ginebra, Suiza. Fue becario del Consejo Nacional de Ciencia y Tecnolog\u00eda (CONICIT hoy FONACIT) de Venezuela, como cursante de estudios doctorales en el Instituto Universitario de Estudios del Desarrollo (IUED) en Ginebra, Suiza, entre 1997 y 2002. Ha publicado sobre indigenismo y el concepto de hegemon\u00eda en las relaciones internacionales.<\/p>\n<p>Para m\u00e1s informaci\u00f3n <a href=\"http:\/\/www.herramienta.com.ar\/autores\/aguilar-castro-vladimir\">http:\/\/www.herramienta.com.ar\/autores\/aguilar-castro-vladimir<\/a><\/p>\n<p>El \u201cForo Am\u00e9rica-Mediterr\u00e1neo L\u00e1zaro C\u00e1rdenas\u201d es un espacio para el debate y la investigaci\u00f3n abierto a acad\u00e9micos y grupos de investigaci\u00f3n de Am\u00e9rica y del Mediterr\u00e1neo. Su objetivo es establecer cauces de cooperaci\u00f3n universitaria. El Foro lleva el nombre de L\u00e1zaro C\u00e1rdenas en honor del presidente de M\u00e9xico que nacionaliz\u00f3 el petr\u00f3leo y recibi\u00f3 a los refugiados espa\u00f1oles despu\u00e9s de la Guerra Civil.<\/p>\n<p>&nbsp;<\/p>\n","protected":false},"excerpt":{"rendered":"<p>Hoy martes, a las 16.00 horas en el aula 1 del edificio 5 de la Universidad Pablo de Olavide, el profesor Vladimir Aguilar, de la Universidad de los Andes, en M\u00e9rida, Venezuela, ofrece la conferencia \u201cVenezuela entre incertidumbres y certezas. Balance de 14 a\u00f1os de chavismo\u201d. Esta conferencia se enmarca en el \u201cForo Am\u00e9rica-Mediterr\u00e1neo L\u00e1zaro C\u00e1rdenas\u201d que patrocina Laboratorio de Ideas y Pr\u00e1cticas Pol\u00edticas de la UPO (LIPPO).<\/p>\n","protected":false},"author":6,"featured_media":0,"comment_status":"closed","ping_status":"open","sticky":false,"template":"","format":"standard","meta":{"_monsterinsights_skip_tracking":false,"_monsterinsights_sitenote_active":false,"_monsterinsights_sitenote_note":"","_monsterinsights_sitenote_category":0,"footnotes":""},"categories":[6],"tags":[227,805,256,76,947],"class_list":["post-1837886","post","type-post","status-publish","format-standard","hentry","category-institucional","tag-conferencia","tag-iberoamerica","tag-lippo","tag-politica","tag-venezuela"],"_links":{"self":[{"href":"https:\/\/www.upo.es\/diario\/wp-json\/wp\/v2\/posts\/1837886","targetHints":{"allow":["GET"]}}],"collection":[{"href":"https:\/\/www.upo.es\/diario\/wp-json\/wp\/v2\/posts"}],"about":[{"href":"https:\/\/www.upo.es\/diario\/wp-json\/wp\/v2\/types\/post"}],"author":[{"embeddable":true,"href":"https:\/\/www.upo.es\/diario\/wp-json\/wp\/v2\/users\/6"}],"replies":[{"embeddable":true,"href":"https:\/\/www.upo.es\/diario\/wp-json\/wp\/v2\/comments?post=1837886"}],"version-history":[{"count":3,"href":"https:\/\/www.upo.es\/diario\/wp-json\/wp\/v2\/posts\/1837886\/revisions"}],"predecessor-version":[{"id":1837888,"href":"https:\/\/www.upo.es\/diario\/wp-json\/wp\/v2\/posts\/1837886\/revisions\/1837888"}],"wp:attachment":[{"href":"https:\/\/www.upo.es\/diario\/wp-json\/wp\/v2\/media?parent=1837886"}],"wp:term":[{"taxonomy":"category","embeddable":true,"href":"https:\/\/www.upo.es\/diario\/wp-json\/wp\/v2\/categories?post=1837886"},{"taxonomy":"post_tag","embeddable":true,"href":"https:\/\/www.upo.es\/diario\/wp-json\/wp\/v2\/tags?post=1837886"}],"curies":[{"name":"wp","href":"https:\/\/api.w.org\/{rel}","templated":true}]}}