{"id":18397101,"date":"2017-02-17T13:54:59","date_gmt":"2017-02-17T13:54:59","guid":{"rendered":"https:\/\/www.upo.es\/diario\/?p=18397101"},"modified":"2017-02-17T13:55:54","modified_gmt":"2017-02-17T13:55:54","slug":"reunion-de-decanos-de-las-facultades-andaluzas-que-imparten-el-grado-en-ciencias-de-la-actividad-fisica-y-deporte","status":"publish","type":"post","link":"https:\/\/www.upo.es\/diario\/institucional\/2017\/02\/reunion-de-decanos-de-las-facultades-andaluzas-que-imparten-el-grado-en-ciencias-de-la-actividad-fisica-y-deporte\/","title":{"rendered":"Reuni\u00f3n de decanos de las facultades andaluzas que imparten el Grado en Ciencias de la Actividad F\u00edsica y del Deporte"},"content":{"rendered":"<figure id=\"attachment_18397102\" aria-describedby=\"caption-attachment-18397102\" style=\"width: 600px\" class=\"wp-caption aligncenter\"><a href=\"https:\/\/www.upo.es\/diario\/wp-content\/uploads\/2017\/02\/reunion_decanosdeporte.jpg\"><img loading=\"lazy\" decoding=\"async\" class=\"size-large wp-image-18397102\" alt=\"Antonio Fern\u00e1ndez Mart\u00ednez (en el centro) junto con los decanos de las facultades andaluzas que imparten el grado en Deporte.\" src=\"https:\/\/www.upo.es\/diario\/wp-content\/uploads\/2017\/02\/reunion_decanosdeporte-600x399.jpg\" width=\"600\" height=\"399\" srcset=\"https:\/\/www.upo.es\/diario\/wp-content\/uploads\/2017\/02\/reunion_decanosdeporte-600x399.jpg 600w, https:\/\/www.upo.es\/diario\/wp-content\/uploads\/2017\/02\/reunion_decanosdeporte-320x213.jpg 320w\" sizes=\"auto, (max-width: 600px) 100vw, 600px\" \/><\/a><figcaption id=\"caption-attachment-18397102\" class=\"wp-caption-text\">Antonio Fern\u00e1ndez Mart\u00ednez (en el centro) junto con los decanos de las facultades andaluzas que imparten el grado en Ciencias de la Actividad F\u00edsica y del Deporte.<\/figcaption><\/figure>\n<p style=\"text-align: justify;\">Los decanos de las diferentes facultades que imparten el Grado en Ciencias de la Actividad F\u00edsica y del Deporte de Andaluc\u00eda se han reunido hoy en la Universidad Pablo de Olavide con el objetivo de constituir una asociaci\u00f3n que act\u00fae como interlocutora sobre los temas que afectan al \u00e1mbito acad\u00e9mico y laboral de sus estudiantes.<\/p>\n<p style=\"text-align: justify;\">Este encuentro, al que tambi\u00e9n han acudido el secretario general t\u00e9cnico de la Consejer\u00eda de Turismo y Deporte, Antonio Fern\u00e1ndez Mart\u00ednez, y el presidente del Colegio Oficial de Licenciados en Educaci\u00f3n F\u00edsica de Andaluc\u00eda, Alejandro Serrano, tiene como fin consensuar todos los temas relativos a la inserci\u00f3n profesional de los futuros egresados as\u00ed como aunar esfuerzos comunes en temas docentes. Los asistentes han aprobado los estatutos de la asociaci\u00f3n reci\u00e9n creada y han elegido al presidente de la misma, Aurelio S\u00e1nchez Vinuesa, decano de la Facultad de Ciencias de la Actividad F\u00edsica y del Deporte de la Universidad de Granada<\/p>\n<p style=\"text-align: justify;\">As\u00ed, han estado presentes hoy en la UPO la decana de la Facultad de Ciencias de la Educaci\u00f3n de la Universidad de Huelva, Isabel Mendoza, junto a la profesora de esta facultad Inmaculada Tornero; el vicedecano de Estudiantes de la Facultad de Ciencias de la Educaci\u00f3n de la Universidad de Almer\u00eda Manuel Rodr\u00edguez P\u00e9rez; el profesor de la Facultad de Ciencias de la Educaci\u00f3n de la Universidad de C\u00e1diz Jos\u00e9 Luis Gonz\u00e1lez Montesinos; los profesores de la Facultad de Ciencias de la Educaci\u00f3n de la Universidad de Sevilla Pedro Tom\u00e1s G\u00f3mez Piriz y Jes\u00fas del Pozo; el profesor del Centro Universitario San Isidoro Pablo Camacho; y la decana de la Facultad de Ciencias del Deporte de la Universidad Pablo de Olavide \u00c1frica Calvo, promotora del evento.<\/p>\n","protected":false},"excerpt":{"rendered":"<p>Los decanos de las diferentes facultades que imparten el Grado en Ciencias de la Actividad F\u00edsica y del Deporte de Andaluc\u00eda se han reunido en la Universidad Pablo de Olavide con el objetivo de constituir una asociaci\u00f3n que act\u00fae como interlocutora sobre los temas que afectan al \u00e1mbito acad\u00e9mico y laboral de sus estudiantes.<\/p>\n","protected":false},"author":4,"featured_media":0,"comment_status":"closed","ping_status":"open","sticky":false,"template":"","format":"standard","meta":{"_monsterinsights_skip_tracking":false,"_monsterinsights_sitenote_active":false,"_monsterinsights_sitenote_note":"","_monsterinsights_sitenote_category":0,"footnotes":""},"categories":[6],"tags":[190,2739,3342,1331,1756],"class_list":["post-18397101","post","type-post","status-publish","format-standard","hentry","category-institucional","tag-andalucia","tag-decanos","tag-facultad-de-ciencias-del-deporte","tag-grado-en-ciencias-de-la-actividad-fisica-y-del-deporte","tag-reunion"],"_links":{"self":[{"href":"https:\/\/www.upo.es\/diario\/wp-json\/wp\/v2\/posts\/18397101","targetHints":{"allow":["GET"]}}],"collection":[{"href":"https:\/\/www.upo.es\/diario\/wp-json\/wp\/v2\/posts"}],"about":[{"href":"https:\/\/www.upo.es\/diario\/wp-json\/wp\/v2\/types\/post"}],"author":[{"embeddable":true,"href":"https:\/\/www.upo.es\/diario\/wp-json\/wp\/v2\/users\/4"}],"replies":[{"embeddable":true,"href":"https:\/\/www.upo.es\/diario\/wp-json\/wp\/v2\/comments?post=18397101"}],"version-history":[{"count":2,"href":"https:\/\/www.upo.es\/diario\/wp-json\/wp\/v2\/posts\/18397101\/revisions"}],"predecessor-version":[{"id":18397107,"href":"https:\/\/www.upo.es\/diario\/wp-json\/wp\/v2\/posts\/18397101\/revisions\/18397107"}],"wp:attachment":[{"href":"https:\/\/www.upo.es\/diario\/wp-json\/wp\/v2\/media?parent=18397101"}],"wp:term":[{"taxonomy":"category","embeddable":true,"href":"https:\/\/www.upo.es\/diario\/wp-json\/wp\/v2\/categories?post=18397101"},{"taxonomy":"post_tag","embeddable":true,"href":"https:\/\/www.upo.es\/diario\/wp-json\/wp\/v2\/tags?post=18397101"}],"curies":[{"name":"wp","href":"https:\/\/api.w.org\/{rel}","templated":true}]}}