{"id":1844385,"date":"2013-10-22T08:59:29","date_gmt":"2013-10-22T08:59:29","guid":{"rendered":"https:\/\/www.upo.es\/diario\/?p=1844385"},"modified":"2013-10-23T06:52:57","modified_gmt":"2013-10-23T06:52:57","slug":"los-entrenadores-del-betis-y-del-sevilla-abren-en-la-upo-los-cursos-de-tecnico-deportivo-de-futbol","status":"publish","type":"post","link":"https:\/\/www.upo.es\/diario\/institucional\/2013\/10\/los-entrenadores-del-betis-y-del-sevilla-abren-en-la-upo-los-cursos-de-tecnico-deportivo-de-futbol\/","title":{"rendered":"Los entrenadores del Betis y del Sevilla abren en la UPO los cursos de T\u00e9cnico Deportivo de F\u00fatbol"},"content":{"rendered":"<figure id=\"attachment_1844386\" aria-describedby=\"caption-attachment-1844386\" style=\"width: 320px\" class=\"wp-caption alignright\"><a href=\"https:\/\/www.upo.es\/diario\/wp-content\/uploads\/2013\/10\/emerymel.jpg\"><img loading=\"lazy\" decoding=\"async\" class=\"size-medium wp-image-1844386\" alt=\"Pepe Mel y Unai Emery mantuvieron una charla coloquio con los alumnos y asistentes \" src=\"https:\/\/www.upo.es\/diario\/wp-content\/uploads\/2013\/10\/emerymel-320x213.jpg\" width=\"320\" height=\"213\" srcset=\"https:\/\/www.upo.es\/diario\/wp-content\/uploads\/2013\/10\/emerymel-320x213.jpg 320w, https:\/\/www.upo.es\/diario\/wp-content\/uploads\/2013\/10\/emerymel-1024x683.jpg 1024w, https:\/\/www.upo.es\/diario\/wp-content\/uploads\/2013\/10\/emerymel-600x400.jpg 600w\" sizes=\"auto, (max-width: 320px) 100vw, 320px\" \/><\/a><figcaption id=\"caption-attachment-1844386\" class=\"wp-caption-text\">Pepe Mel y Unai Emery mantuvieron una charla coloquio con los alumnos y asistentes<\/figcaption><\/figure>\n<p>Ayer tarde en el Paraninfo de la Universidad Pablo de Olavide tuvo lugar la inauguraci\u00f3n oficial de los cursos de T\u00e9cnico Deportivo de F\u00fatbol (Nivel I y II) del periodo 2013-2014. El acto estuvo presidido por Eduardo Herrera, presidente de la Federaci\u00f3n Andaluza de F\u00fatbol (FAF), acompa\u00f1ado por Antonio Mendoza, presidente del Comit\u00e9 Andaluz de Entrenadores; Pedro Borr\u00e1s, presidente de la Federaci\u00f3n Sevilllana de F\u00fatbol, y por Pablo Marroyo, coordinador de Pol\u00edtica Deportiva de la UPO.<\/p>\n<p>Tras la apertura del curso, los entrenadores del Real Betis Balompi\u00e9 y del Sevilla F\u00fatbol Club, Pepe Mel y Unai Emery, mantuvieron una charla coloquio con los alumnos y asistentes al curso. El curso est\u00e1 organizado por la Federaci\u00f3n Andaluza de F\u00fatbol, a trav\u00e9s del Centro Autorizado de Ense\u00f1anzas Deportivas.<\/p>\n<p>Estos cursos, que se desarrollar\u00e1n hasta junio de 2014, constituyen el Ciclo Medio Formativo de las Ense\u00f1anzas Deportivas que imparte la Federaci\u00f3n Andaluza de F\u00fatbol a trav\u00e9s del Centro de Estudios, Desarrollo e Investigaci\u00f3n del F\u00fatbol Andaluz (CEDIFA), y su titulaci\u00f3n tiene validez profesional y acad\u00e9mica.<\/p>\n<p>Los cursos de t\u00e9cnico deportivo Nivel I y II de f\u00fatbol y f\u00fatbol sala se imparten este a\u00f1o en cinco aulas en Sevilla, cuatro en la capital y una en Gines, con un total de 130 estudiantes que aspiran a obtener la titulaci\u00f3n oficial, acreditada por la Consejer\u00eda de Educaci\u00f3n, Cultura y Deporte de la Junta de Andaluc\u00eda. Entre los alumnos hay nombres conocidos en el mundo del f\u00fatbol, como el polaco Damien Perquis, actual futbolista del Real Betis Balompi\u00e9 en Primera Divisi\u00f3n.<\/p>\n","protected":false},"excerpt":{"rendered":"<p>Ayer tarde en el Paraninfo de la Universidad Pablo de Olavide tuvo lugar la inauguraci\u00f3n oficial de los cursos de T\u00e9cnico Deportivo de F\u00fatbol (Nivel I y II) del periodo 2013-2014. El acto estuvo presidido por Eduardo Herrera, presidente de la Federaci\u00f3n Andaluza de F\u00fatbol (FAF), acompa\u00f1ado por Antonio Mendoza, presidente del Comit\u00e9 Andaluz de Entrenadores; Pedro Borr\u00e1s, presidente de la Federaci\u00f3n Sevilllana de F\u00fatbol, y por Pablo Marroyo, coordinador de Pol\u00edtica Deportiva de la UPO.<\/p>\n","protected":false},"author":6,"featured_media":0,"comment_status":"closed","ping_status":"open","sticky":false,"template":"","format":"standard","meta":{"_monsterinsights_skip_tracking":false,"_monsterinsights_sitenote_active":false,"_monsterinsights_sitenote_note":"","_monsterinsights_sitenote_category":0,"footnotes":""},"categories":[6],"tags":[141,105,46,349],"class_list":["post-1844385","post","type-post","status-publish","format-standard","hentry","category-institucional","tag-curso","tag-curso-2013-2014","tag-futbol","tag-inauguracion"],"_links":{"self":[{"href":"https:\/\/www.upo.es\/diario\/wp-json\/wp\/v2\/posts\/1844385","targetHints":{"allow":["GET"]}}],"collection":[{"href":"https:\/\/www.upo.es\/diario\/wp-json\/wp\/v2\/posts"}],"about":[{"href":"https:\/\/www.upo.es\/diario\/wp-json\/wp\/v2\/types\/post"}],"author":[{"embeddable":true,"href":"https:\/\/www.upo.es\/diario\/wp-json\/wp\/v2\/users\/6"}],"replies":[{"embeddable":true,"href":"https:\/\/www.upo.es\/diario\/wp-json\/wp\/v2\/comments?post=1844385"}],"version-history":[{"count":3,"href":"https:\/\/www.upo.es\/diario\/wp-json\/wp\/v2\/posts\/1844385\/revisions"}],"predecessor-version":[{"id":1844388,"href":"https:\/\/www.upo.es\/diario\/wp-json\/wp\/v2\/posts\/1844385\/revisions\/1844388"}],"wp:attachment":[{"href":"https:\/\/www.upo.es\/diario\/wp-json\/wp\/v2\/media?parent=1844385"}],"wp:term":[{"taxonomy":"category","embeddable":true,"href":"https:\/\/www.upo.es\/diario\/wp-json\/wp\/v2\/categories?post=1844385"},{"taxonomy":"post_tag","embeddable":true,"href":"https:\/\/www.upo.es\/diario\/wp-json\/wp\/v2\/tags?post=1844385"}],"curies":[{"name":"wp","href":"https:\/\/api.w.org\/{rel}","templated":true}]}}