{"id":18461148,"date":"2017-02-20T05:22:50","date_gmt":"2017-02-20T05:22:50","guid":{"rendered":"https:\/\/www.upo.es\/diario\/?p=18461148"},"modified":"2017-03-01T16:20:58","modified_gmt":"2017-03-01T16:20:58","slug":"investigadores-de-la-upo-estudian-la-relacion-entre-ejercicio-fisico-y-actividad-fisica-sobre-la-salud","status":"publish","type":"post","link":"https:\/\/www.upo.es\/diario\/ciencia\/2017\/02\/investigadores-de-la-upo-estudian-la-relacion-entre-ejercicio-fisico-y-actividad-fisica-sobre-la-salud\/","title":{"rendered":"Investigadores de la UPO estudian la relaci\u00f3n entre ejercicio f\u00edsico y actividad f\u00edsica sobre la salud"},"content":{"rendered":"<figure id=\"attachment_18461150\" aria-describedby=\"caption-attachment-18461150\" style=\"width: 600px\" class=\"wp-caption aligncenter\"><img loading=\"lazy\" decoding=\"async\" class=\"size-large wp-image-18461150\" alt=\"Corredores en una prueba de fondo\" src=\"https:\/\/www.upo.es\/diario\/wp-content\/uploads\/2017\/02\/300_1831096-600x399.jpg\" width=\"600\" height=\"399\" srcset=\"https:\/\/www.upo.es\/diario\/wp-content\/uploads\/2017\/02\/300_1831096-600x399.jpg 600w, https:\/\/www.upo.es\/diario\/wp-content\/uploads\/2017\/02\/300_1831096-320x213.jpg 320w, https:\/\/www.upo.es\/diario\/wp-content\/uploads\/2017\/02\/300_1831096.jpg 800w\" sizes=\"auto, (max-width: 600px) 100vw, 600px\" \/><figcaption id=\"caption-attachment-18461150\" class=\"wp-caption-text\">Foto: Jeff Greenberg \/ Universal Images Group<\/figcaption><\/figure>\n<p>Un grupo de investigadores de la Universidad Pablo de Olavide, <strong>coordinado por el profesor Diego Mungu\u00eda Izquierdo<\/strong>, est\u00e1 llevando a cabo un estudio avalado por el Consejo Superior de Deportes que pretende conocer los efectos del ejercicio f\u00edsico y actividad f\u00edsica sobre diferentes par\u00e1metros de salud.<\/p>\n<p>\u201cEl estudio se basa en la premisa de que ser f\u00edsicamente activos conlleva una serie beneficios para la salud, pero a\u00fan desconocemos en qu\u00e9 grado el nivel de actividad f\u00edsica afecta a elementos como la ansiedad, la depresi\u00f3n, la calidad de vida, la calidad del sue\u00f1o o los trastornos alimenticios\u201d, se\u00f1ala el profesor Mungu\u00eda, director del grupo de investigaci\u00f3n Actividad F\u00edsica, Salud y Deporte CTS-948, de la UPO.<\/p>\n<p>Para recabar datos, <strong>los investigadores \u00a0piden la colaboraci\u00f3n del mayor n\u00famero de personas para realizar un breve cuestionario <em>online<\/em> que estar\u00e1 disponible hasta el 28 de febrero en <a href=\"https:\/\/goo.gl\/forms\/rYSYgO9SFJCi6DxJ3\">https:\/\/goo.gl\/forms\/rYSYgO9SFJCi6DxJ3<\/a><\/strong><\/p>\n<p>\u201cEl estudio est\u00e1 enmarcado en el \u00e1mbito epidemiol\u00f3gico y por ende requiere para su \u00f3ptimo desarrollo de una elevada muestra de sujetos\u201d, explica el profesor Mung\u00eda. Con este objetivo se est\u00e1n estableciendo acuerdos de colaboraci\u00f3n con colegios, institutos, departamentos de educaci\u00f3n, centros de tecnificaci\u00f3n deportiva, centros de alto rendimiento, \u00a0clubs deportivos de m\u00e1ximo nivel de rendimiento, empresas y colectivos sociales. \u201cAnimamos a todas aquellas personas mayores de 11 a\u00f1os de edad, sean f\u00edsicamente activas o no, a que rellenen la encuesta\u201d se\u00f1ala este profesor.<\/p>\n<p>As\u00ed, el grupo de investigaci\u00f3n Actividad F\u00edsica, Salud y Deporte CTS-948 de la Universidad Pablo de Olavide tambi\u00e9n ha pedido su colaboraci\u00f3n al Consejo Superior de Deportes y a diferentes clubes de \u00e9lite andaluces. \u201cBuscamos deportistas profesionales, amateurs, corredores de maratones, gente que no hace deporte\u2026 cuanto m\u00e1s amplia y diversa sea la muestra, mejor\u201d, manifiestan los investigadores.<\/p>\n<p>Los resultados iniciales de la investigaci\u00f3n ser\u00e1n publicados en marzo. El programa estad\u00edstico secuenciar\u00e1 las edades y los niveles de actividad f\u00edsica y, en funci\u00f3n de estos par\u00e1metros, lo comparar\u00e1 con la calidad del sue\u00f1o o el nivel de ansiedad. \u201cLos resultados prometen ser de inter\u00e9s desde una perspectiva de salud p\u00fablica\u201d, concluyen los investigadores, que animan a toda la poblaci\u00f3n andaluza a colaborar con este ambicioso estudio.<\/p>\n","protected":false},"excerpt":{"rendered":"<p>Un grupo de investigadores de la Universidad Pablo de Olavide, coordinado por el profesor Diego Mungu\u00eda Izquierdo, est\u00e1 llevando a cabo un estudio avalado por el Consejo Superior de Deportes que pretende conocer los efectos del ejercicio f\u00edsico y actividad f\u00edsica sobre diferentes par\u00e1metros de salud.<\/p>\n","protected":false},"author":6,"featured_media":0,"comment_status":"closed","ping_status":"open","sticky":false,"template":"","format":"standard","meta":{"_monsterinsights_skip_tracking":false,"_monsterinsights_sitenote_active":false,"_monsterinsights_sitenote_note":"","_monsterinsights_sitenote_category":0,"footnotes":""},"categories":[3],"tags":[666,705,541,1898,238,859,861,56,218],"class_list":["post-18461148","post","type-post","status-publish","format-standard","hentry","category-ciencia","tag-actividad-fisica","tag-ciencias-de-la-actividad-fisica-y-del-deporte","tag-deporte","tag-ejercicio-fisico","tag-encuesta","tag-estudio","tag-habitos-saludables","tag-investigacion","tag-salud"],"_links":{"self":[{"href":"https:\/\/www.upo.es\/diario\/wp-json\/wp\/v2\/posts\/18461148","targetHints":{"allow":["GET"]}}],"collection":[{"href":"https:\/\/www.upo.es\/diario\/wp-json\/wp\/v2\/posts"}],"about":[{"href":"https:\/\/www.upo.es\/diario\/wp-json\/wp\/v2\/types\/post"}],"author":[{"embeddable":true,"href":"https:\/\/www.upo.es\/diario\/wp-json\/wp\/v2\/users\/6"}],"replies":[{"embeddable":true,"href":"https:\/\/www.upo.es\/diario\/wp-json\/wp\/v2\/comments?post=18461148"}],"version-history":[{"count":6,"href":"https:\/\/www.upo.es\/diario\/wp-json\/wp\/v2\/posts\/18461148\/revisions"}],"predecessor-version":[{"id":18525033,"href":"https:\/\/www.upo.es\/diario\/wp-json\/wp\/v2\/posts\/18461148\/revisions\/18525033"}],"wp:attachment":[{"href":"https:\/\/www.upo.es\/diario\/wp-json\/wp\/v2\/media?parent=18461148"}],"wp:term":[{"taxonomy":"category","embeddable":true,"href":"https:\/\/www.upo.es\/diario\/wp-json\/wp\/v2\/categories?post=18461148"},{"taxonomy":"post_tag","embeddable":true,"href":"https:\/\/www.upo.es\/diario\/wp-json\/wp\/v2\/tags?post=18461148"}],"curies":[{"name":"wp","href":"https:\/\/api.w.org\/{rel}","templated":true}]}}