{"id":18484845,"date":"2017-02-22T00:05:57","date_gmt":"2017-02-22T00:05:57","guid":{"rendered":"https:\/\/www.upo.es\/diario\/?p=18484845"},"modified":"2017-02-22T07:57:46","modified_gmt":"2017-02-22T07:57:46","slug":"el-historiador-alfredo-castillero-presenta-en-la-upo-su-libro-portobelo-y-el-san-lorenzo-del-chagres","status":"publish","type":"post","link":"https:\/\/www.upo.es\/diario\/libros\/2017\/02\/el-historiador-alfredo-castillero-presenta-en-la-upo-su-libro-portobelo-y-el-san-lorenzo-del-chagres\/","title":{"rendered":"El historiador Alfredo Castillero presenta en la UPO su libro \u201cPortobelo y El San Lorenzo del Chagres\u201d"},"content":{"rendered":"<p>El historiador paname\u00f1o Alfredo Castillero presentar\u00e1 hoy mi\u00e9rcoles 22 de febrero, <strong>a las 11 horas en el aula B.05 del edificio 45<\/strong> de la Universidad Pablo de Olavide, su libro<strong> \u201cPortobelo y El San Lorenzo del Chagres\u201d, una monograf\u00eda sobre la historia de las fortificaciones de Panam\u00e1 en los siglos XVII y XVIII<\/strong>.<\/p>\n<p>El acto contar\u00e1 con las intervenciones del catedr\u00e1tico de Historia de Am\u00e9rica Juan Marchena y del profesor de Historia del Arte de esta universidad Fernando Quiles.<\/p>\n<p><b>Alfredo Castillero Calvo<\/b> es doctor en Filosof\u00eda y Letras, Secci\u00f3n Historia de Am\u00e9rica, por la Universidad de Madrid, t\u00edtulo que obtuvo en 1967. Fue profesor de la Universidad de Panam\u00e1 entre 1967 y 2007, cuando se jubila. Ha sido profesor visitante en las Universidades de Yale, Stanford y Notre Dame de Maryland y ha dictado seminarios de posgrado y doctorales en Costa Rica, Colombia y Espa\u00f1a. Es miembro correspondiente de la Real Academia Sevillana de Buenas Letras, y de la Real Academia de la Historia, y miembro honorario de la Academia Paname\u00f1a de Gastronom\u00eda.<\/p>\n<p>Ha recibido numerosos premios, honores y distinciones, entre los que destacan el Premio Universidad en Ciencia y Tecnolog\u00eda, por la Universidad de Panam\u00e1 en 1999, y el Premio Nacional de Ensayo Ricardo Mir\u00f3 en 1994. Adem\u00e1s, en 2009 recibi\u00f3 el <i>Legacy Award <\/i>del Latino Center del Smithsonian Institution de Washington <i>\u201c<\/i>por su contribuci\u00f3n a las Humanidades y su impacto en la cultura de Estados Unidos de Am\u00e9rica a trav\u00e9s de su trabajo y visi\u00f3n\u201d.<\/p>\n<p>Fue miembro del Comit\u00e9 Cient\u00edfico Internacional de UNESCO para la Historia General de Am\u00e9rica Latina entre 1983 y 2002.<\/p>\n<p>Ha publicado numerosos art\u00edculos y libros sobre la historia de Panam\u00e1 y Am\u00e9rica, cubriendo los m\u00e1s diversos aspectos (comercio, sociedad, cultura material, arquitectura, navegaci\u00f3n, econom\u00eda, instituciones, pol\u00edtica, cultura alimentaria, guerra, mestizaje, esclavitud, etc.). En a\u00f1os recientes ha orientado sus investigaciones a la Historia Global y a la Historia de la Independencia de Panam\u00e1 de Espa\u00f1a. Ha sido comisario o curador jefe de varias exposiciones museogr\u00e1ficas dentro y fuera de Panam\u00e1, las m\u00e1s recientes de ellas,\u00a0 <i>El Descubrimiento del Pac\u00edfico y los Or\u00edgenes de la Globalizaci\u00f3n (2013)<\/i>, y <i>Panam\u00e1 a trav\u00e9s de la fotograf\u00eda<\/i> (2014), ambas en el Museo del Canal Interoce\u00e1nico de Panam\u00e1.<\/p>\n<p>Entre sus libros m\u00e1s relevantes de los \u00faltimos a\u00f1os destacan; <i>Historia General de Panam\u00e1 (<\/i>2004); <i>Sociedad, econom\u00eda y cultura material: Historia urbana de Panam\u00e1 la Vieja<\/i> (2006); <i>Los metales preciosos y la primera globalizaci\u00f3n <\/i>(2008); <i>Cultura alimentaria y globalizaci\u00f3n<\/i>, <i>Panam\u00e1, siglos XVI-XXI<\/i> (2010); <i>El descubrimiento del Pac\u00edfico y los or\u00edgenes de la globalizaci\u00f3n<\/i> (2013); <i>Historia Contempor\u00e1nea de Panam\u00e1 <\/i>(dir. 2014); <i>Portobelo y el San Lorenzo del Chagres. Perspectivas imperiales, siglos XVI-XXI, (2016) y Conquista, Evangelizacion y Resistencia<\/i> (2017)<i>. <\/i><\/p>\n<p>&nbsp;<\/p>\n","protected":false},"excerpt":{"rendered":"<p>El historiador paname\u00f1o Alfredo Castillero presentar\u00e1 hoy mi\u00e9rcoles 22 de febrero, a las 11 horas en el aula B.05 del edificio 45 de la Universidad Pablo de Olavide, su libro \u201cPortobelo y El San Lorenzo del Chagres\u201d, una monograf\u00eda sobre la historia de las fortificaciones de Panam\u00e1 en los siglos XVII y XVIII.<\/p>\n","protected":false},"author":6,"featured_media":0,"comment_status":"closed","ping_status":"open","sticky":false,"template":"","format":"standard","meta":{"_monsterinsights_skip_tracking":false,"_monsterinsights_sitenote_active":false,"_monsterinsights_sitenote_note":"","_monsterinsights_sitenote_category":0,"footnotes":""},"categories":[77],"tags":[269,2752,150,259,1115,334],"class_list":["post-18484845","post","type-post","status-publish","format-standard","hentry","category-libros","tag-america","tag-fernando-quiles","tag-historia","tag-area-de-historia-del-arte","tag-juan-marchena","tag-presentacion"],"_links":{"self":[{"href":"https:\/\/www.upo.es\/diario\/wp-json\/wp\/v2\/posts\/18484845","targetHints":{"allow":["GET"]}}],"collection":[{"href":"https:\/\/www.upo.es\/diario\/wp-json\/wp\/v2\/posts"}],"about":[{"href":"https:\/\/www.upo.es\/diario\/wp-json\/wp\/v2\/types\/post"}],"author":[{"embeddable":true,"href":"https:\/\/www.upo.es\/diario\/wp-json\/wp\/v2\/users\/6"}],"replies":[{"embeddable":true,"href":"https:\/\/www.upo.es\/diario\/wp-json\/wp\/v2\/comments?post=18484845"}],"version-history":[{"count":4,"href":"https:\/\/www.upo.es\/diario\/wp-json\/wp\/v2\/posts\/18484845\/revisions"}],"predecessor-version":[{"id":18503090,"href":"https:\/\/www.upo.es\/diario\/wp-json\/wp\/v2\/posts\/18484845\/revisions\/18503090"}],"wp:attachment":[{"href":"https:\/\/www.upo.es\/diario\/wp-json\/wp\/v2\/media?parent=18484845"}],"wp:term":[{"taxonomy":"category","embeddable":true,"href":"https:\/\/www.upo.es\/diario\/wp-json\/wp\/v2\/categories?post=18484845"},{"taxonomy":"post_tag","embeddable":true,"href":"https:\/\/www.upo.es\/diario\/wp-json\/wp\/v2\/tags?post=18484845"}],"curies":[{"name":"wp","href":"https:\/\/api.w.org\/{rel}","templated":true}]}}