{"id":18485320,"date":"2017-02-21T22:42:25","date_gmt":"2017-02-21T22:42:25","guid":{"rendered":"https:\/\/www.upo.es\/diario\/?p=18485320"},"modified":"2017-02-22T08:14:22","modified_gmt":"2017-02-22T08:14:22","slug":"la-upo-apoya-la-candidatura-de-italica-como-patrimonio-mundial-impulsada-por-civisur","status":"publish","type":"post","link":"https:\/\/www.upo.es\/diario\/institucional\/2017\/02\/la-upo-apoya-la-candidatura-de-italica-como-patrimonio-mundial-impulsada-por-civisur\/","title":{"rendered":"La UPO apoya la candidatura de It\u00e1lica como Patrimonio Mundial impulsada por CIVISUR"},"content":{"rendered":"<figure id=\"attachment_18485757\" aria-describedby=\"caption-attachment-18485757\" style=\"width: 600px\" class=\"wp-caption aligncenter\"><a href=\"https:\/\/www.upo.es\/diario\/wp-content\/uploads\/2017\/02\/CIVISUR_21022017.jpg\"><img loading=\"lazy\" decoding=\"async\" class=\"size-large wp-image-18485757\" alt=\"de derecha a izquierda: el rector de la UPO, Vicente Guzm\u00e1n; la secretaria de CIVISUR, Concha Cobreros y los profesores de la UPO, Juan Manuel Cort\u00e9s y Carmen Velasco.\" src=\"https:\/\/www.upo.es\/diario\/wp-content\/uploads\/2017\/02\/CIVISUR_21022017-600x400.jpg\" width=\"600\" height=\"400\" srcset=\"https:\/\/www.upo.es\/diario\/wp-content\/uploads\/2017\/02\/CIVISUR_21022017-600x400.jpg 600w, https:\/\/www.upo.es\/diario\/wp-content\/uploads\/2017\/02\/CIVISUR_21022017-320x213.jpg 320w\" sizes=\"auto, (max-width: 600px) 100vw, 600px\" \/><\/a><figcaption id=\"caption-attachment-18485757\" class=\"wp-caption-text\">De derecha a izquierda: el rector de la UPO, Vicente Guzm\u00e1n; la secretaria de CIVISUR, Concha Cobreros y los profesores de la UPO, Juan Manuel Cort\u00e9s y Carmen Velasco.<\/figcaption><\/figure>\n<p>El rector de la Universidad Pablo de Olavide, Vicente Guzm\u00e1n Fluja, ha recibido este mediod\u00eda a los miembros del consejo asesor de CIVISUR, Uni\u00f3n C\u00edvica del Sur de Espa\u00f1a, Concha Cobreros Vime, secretaria y coordinadora de su comisi\u00f3n de cultura y a los profesores de la UPO y\u00a0 miembros del consejo asesor de CIVISUR, Juan Manuel Cort\u00e9s Copete y Carmen Velasco Garc\u00eda. Durante la reuni\u00f3n, el rector ha expresado su apoyo al proyecto de CIVISUR para proponer It\u00e1lica como Patrimonio Mundial de la UNESCO.<\/p>\n<p>La Universidad Pablo de Olavide apoya esta candidatura a trav\u00e9s de la organizaci\u00f3n de la exposici\u00f3n \u201cAdriano 2017. Metamorfosis\u201d junto con la Consejer\u00eda de Cultura de la Junta de Andaluc\u00eda, que abrir\u00e1 sus puertas en octubre de este a\u00f1o en el Museo Arqueol\u00f3gico de Sevilla. Asimismo, el consejo asesor de CIVISUR\u00a0 est\u00e1 formado por profesionales de diversos campos cient\u00edficos como el profesor de Historia Antigua de la UPO, Juan Manuel Cort\u00e9s Copete; la profesora de Derecho Romano de la UPO, Carmen Velasco Garc\u00eda y el catedr\u00e1tico de Historia del Arte Moderno de la UPO, Arsenio Moreno Mendoza.<\/p>\n<p>La Uni\u00f3n C\u00edvica del Sur de Espa\u00f1a, CIVISUR, es una asociaci\u00f3n que re\u00fane profesionales de M\u00e1laga y Sevilla y tiene como objetivo el desarrollo de proyectos beneficiosos para ambas ciudades y para el conjunto de Andaluc\u00eda.<\/p>\n<p>Organizada en diversas comisiones de trabajo, su comisi\u00f3n de cultural ha decidido impulsar los tr\u00e1mites necesarios para que la Ciudad Romana de It\u00e1lica sea considerada Patrimonio Mundial Cultural. Desde CIVISUR se ha considerado que el a\u00f1o 2017 es la oportunidad para lanzar la candidatura de It\u00e1lica puesto que es el a\u00f1o en el que se conmemora la sucesi\u00f3n din\u00e1stica entre dos de los m\u00e1s grandes emperadores de Roma, Trajano y Adriano, ambos originarios de It\u00e1lica.<\/p>\n<p>La iniciativa a favor de la consideraci\u00f3n de It\u00e1lica como Patrimonio Mundial se ubica en el desarrollo de los actos organizados para la conmemoraci\u00f3n de los 1900 a\u00f1os de la llegada al trono de Adriano.<\/p>\n<p>&nbsp;<\/p>\n","protected":false},"excerpt":{"rendered":"<p>El rector de la Universidad Pablo de Olavide, Vicente Guzm\u00e1n Fluja, ha recibido este mediod\u00eda a los miembros del consejo asesor de CIVISUR, Uni\u00f3n C\u00edvica del Sur de Espa\u00f1a, Concha Cobreros Vime, secretaria y coordinadora de su comisi\u00f3n de cultura y a los profesores de la UPO y  miembros del consejo asesor de CIVISUR, Juan Manuel Cort\u00e9s Copete y Carmen Velasco Garc\u00eda. Durante la reuni\u00f3n, el rector ha expresado su apoyo al proyecto de CIVISUR para proponer It\u00e1lica como Patrimonio Mundial de la UNESCO.<\/p>\n","protected":false},"author":4,"featured_media":0,"comment_status":"closed","ping_status":"open","sticky":false,"template":"","format":"standard","meta":{"_monsterinsights_skip_tracking":false,"_monsterinsights_sitenote_active":false,"_monsterinsights_sitenote_note":"","_monsterinsights_sitenote_category":0,"footnotes":""},"categories":[6],"tags":[3888,3657,3889,3891,38],"class_list":["post-18485320","post","type-post","status-publish","format-standard","hentry","category-institucional","tag-civisur","tag-italica","tag-juan-manuel-cortes-copete","tag-patrimonio-mundial","tag-rector"],"_links":{"self":[{"href":"https:\/\/www.upo.es\/diario\/wp-json\/wp\/v2\/posts\/18485320","targetHints":{"allow":["GET"]}}],"collection":[{"href":"https:\/\/www.upo.es\/diario\/wp-json\/wp\/v2\/posts"}],"about":[{"href":"https:\/\/www.upo.es\/diario\/wp-json\/wp\/v2\/types\/post"}],"author":[{"embeddable":true,"href":"https:\/\/www.upo.es\/diario\/wp-json\/wp\/v2\/users\/4"}],"replies":[{"embeddable":true,"href":"https:\/\/www.upo.es\/diario\/wp-json\/wp\/v2\/comments?post=18485320"}],"version-history":[{"count":2,"href":"https:\/\/www.upo.es\/diario\/wp-json\/wp\/v2\/posts\/18485320\/revisions"}],"predecessor-version":[{"id":18503097,"href":"https:\/\/www.upo.es\/diario\/wp-json\/wp\/v2\/posts\/18485320\/revisions\/18503097"}],"wp:attachment":[{"href":"https:\/\/www.upo.es\/diario\/wp-json\/wp\/v2\/media?parent=18485320"}],"wp:term":[{"taxonomy":"category","embeddable":true,"href":"https:\/\/www.upo.es\/diario\/wp-json\/wp\/v2\/categories?post=18485320"},{"taxonomy":"post_tag","embeddable":true,"href":"https:\/\/www.upo.es\/diario\/wp-json\/wp\/v2\/tags?post=18485320"}],"curies":[{"name":"wp","href":"https:\/\/api.w.org\/{rel}","templated":true}]}}