{"id":18506772,"date":"2017-02-22T12:59:54","date_gmt":"2017-02-22T12:59:54","guid":{"rendered":"https:\/\/www.upo.es\/diario\/?p=18506772"},"modified":"2017-02-23T13:03:20","modified_gmt":"2017-02-23T13:03:20","slug":"investigadores-afirman-que-donana-corre-riesgo-de-colapso-sin-una-gestion-local-mas-activa","status":"publish","type":"post","link":"https:\/\/www.upo.es\/diario\/ciencia\/2017\/02\/investigadores-afirman-que-donana-corre-riesgo-de-colapso-sin-una-gestion-local-mas-activa\/","title":{"rendered":"Investigadores afirman que Do\u00f1ana corre riesgo de colapso sin una gesti\u00f3n local m\u00e1s activa"},"content":{"rendered":"<figure id=\"attachment_18507690\" aria-describedby=\"caption-attachment-18507690\" style=\"width: 600px\" class=\"wp-caption aligncenter\"><img loading=\"lazy\" decoding=\"async\" class=\"size-large wp-image-18507690\" alt=\"Humedales de Do\u00f1ana y principales amenazas asociadas\" src=\"https:\/\/www.upo.es\/diario\/wp-content\/uploads\/2017\/02\/fee1459-fig-0006-m-600x278.png\" width=\"600\" height=\"278\" srcset=\"https:\/\/www.upo.es\/diario\/wp-content\/uploads\/2017\/02\/fee1459-fig-0006-m-600x278.png 600w, https:\/\/www.upo.es\/diario\/wp-content\/uploads\/2017\/02\/fee1459-fig-0006-m-320x148.png 320w\" sizes=\"auto, (max-width: 600px) 100vw, 600px\" \/><figcaption id=\"caption-attachment-18507690\" class=\"wp-caption-text\">Humedales de Do\u00f1ana y principales amenazas asociadas<\/figcaption><\/figure>\n<p>Un <strong>grupo internacional de investigadores pertenecientes a la Universidad Pablo de Olavide, Estaci\u00f3n Biol\u00f3gica de Do\u00f1ana, Universidad Aut\u00f3noma de Madrid y la Wageningen University<\/strong> (Paises Bajos), han publicado recientemente un estudio en la prestigiosa revista <i>Frontiers in Ecology and the Environment <\/i>\u00a0que advierte del <strong>riesgo de colapso de Do\u00f1ana sin una gesti\u00f3n local m\u00e1s activa<\/strong>.<\/p>\n<p><strong>Estos investigadores explican que \u201cproteger del cambio clim\u00e1tico a los humedales m\u00e1s emblem\u00e1ticos del mundo requiere que se reduzcan las otras amenazas que padecen, como los aportes de abonos y aguas residuales o la explotaci\u00f3n intensiva de las aguas subterr\u00e1neas y superficiales\u201d<\/strong>.<\/p>\n<p>El Parque Nacional de Do\u00f1ana es uno de los pocos humedales del mundo que est\u00e1 inscrito en la lista de Patrimonio Mundial de la UNESCO. Este equipo internacional de cient\u00edficos avisa de que problemas locales, como el deterioro de la calidad de agua por los aportes excesivos de nutrientes o la explotaci\u00f3n intensiva de los acu\u00edferos, pueden exacerbar los efectos de eventos clim\u00e1ticos extremos, tales como sequ\u00edas y olas de calor, reduciendo la capacidad de los ecosistemas acu\u00e1ticos para soportar los impactos del cambio clim\u00e1tico.<\/p>\n<p>\u00abDemostramos que la gesti\u00f3n de amenazas locales puede expandir el \u2018espacio de operaci\u00f3n segura\u2019 para estos ecosistemas. Una gesti\u00f3n local inadecuada hace que un ecosistema acu\u00e1tico sea menos tolerante al cambio clim\u00e1tico y se reduzca su capacidad de respuesta\u00bb, afirman los autores, quienes tambi\u00e9n examinaron otros cinco humedales de la regi\u00f3n Mediterr\u00e1nea inscritos en la lista del Convenio Ramsar de Humedales de Importancia Internacional que ya est\u00e1n muy afectados por la sobreexplotaci\u00f3n de los recursos h\u00eddricos. Estos humedales, que incluyen las Tablas de Daimiel, sirven como ejemplos de lo que puede pasar a Do\u00f1ana sin un cambio en la gesti\u00f3n de agua en su entorno. Do\u00f1ana est\u00e1 sometida a una presi\u00f3n cada vez mayor, tanto debido al cambio clim\u00e1tico como a las amenazas locales.<\/p>\n<figure id=\"attachment_18507688\" aria-describedby=\"caption-attachment-18507688\" style=\"width: 320px\" class=\"wp-caption alignright\"><a href=\"https:\/\/www.upo.es\/diario\/wp-content\/uploads\/2017\/02\/miguel_rguez_rguez.jpg\"><img loading=\"lazy\" decoding=\"async\" class=\"size-medium wp-image-18507688\" alt=\"Miguel Rodr\u00edguez, coautor del estudio y profesor del \u00e1rea de Geodin\u00e1mica Externa\" src=\"https:\/\/www.upo.es\/diario\/wp-content\/uploads\/2017\/02\/miguel_rguez_rguez-320x213.jpg\" width=\"320\" height=\"213\" srcset=\"https:\/\/www.upo.es\/diario\/wp-content\/uploads\/2017\/02\/miguel_rguez_rguez-320x213.jpg 320w, https:\/\/www.upo.es\/diario\/wp-content\/uploads\/2017\/02\/miguel_rguez_rguez-600x400.jpg 600w\" sizes=\"auto, (max-width: 320px) 100vw, 320px\" \/><\/a><figcaption id=\"caption-attachment-18507688\" class=\"wp-caption-text\">Miguel Rodr\u00edguez, coautor del estudio y profesor del \u00e1rea de Geodin\u00e1mica Externa<\/figcaption><\/figure>\n<p>El profesor del \u00c1rea de Geodin\u00e1mica Externa de la Universidad Pablo de Olavide <strong>Miguel Rodr\u00edguez Rodr\u00edguez<\/strong> y coautor del mencionado art\u00edculo es, actualmente, investigador principal de un convenio entre la UPO y la Confederaci\u00f3n Hidrogr\u00e1fica del Guadalquivir en el que se est\u00e1 realizando una monitorizaci\u00f3n de detalle y la modelizaci\u00f3n hidrol\u00f3gica en varias de las lagunas situadas en las dunas de Do\u00f1ana.\u00a0 El objetivo principal de la investigaci\u00f3n es obtener un mayor conocimiento de la relaci\u00f3n aguas superficiales \u2013 aguas subterr\u00e1neas en estos ecosistemas- para poder establecer medidas de gesti\u00f3n y conservaci\u00f3n m\u00e1s apropiadas.<\/p>\n<p>El sistema de lagunas temporales de Do\u00f1ana es el m\u00e1s importante de Europa, con la formaci\u00f3n de m\u00e1s de 3.000 lagunas durante los a\u00f1os h\u00famedos. Pero la extracci\u00f3n de agua subterr\u00e1nea para la agricultura y para el turismo est\u00e1 detrayendo recursos h\u00eddricos del sistema y las lagunas tienden a secarse antes que hace 20 a\u00f1os. \u00abSi estos ecosistemas acu\u00e1ticos colapsan, podr\u00eda significar la extinci\u00f3n irreversible de muchas especies. Urge que las administraciones y la sociedad reduzcan las amenazas locales que afectan a los humedales ic\u00f3nicos como Do\u00f1ana\u201d, afirman los autores, quienes a\u00f1aden que\u00a0 \u00abla UNESCO est\u00e1 preocupada por Do\u00f1ana y considera que tiene un grado de amenaza Muy Alta por el deterioro en la cantidad y calidad de agua disponible\u00bb.<\/p>\n<p>El art\u00edculo pretende, sobre todo, concienciar acerca de las oportunidades para mejorar acciones de conservaci\u00f3n efectivas a escala local. \u201cLas opciones para la gesti\u00f3n local son claras y relativamente baratas. Se debe aprovechar esta oportunidad, sobre todo cuando se trata de ecosistemas de importancia vital para mantener la biodiversidad global\u201d concluyen los cient\u00edficos.<\/p>\n<p>Publication: Green, A.J., Alcorlo, P., Peeters, E.T.H.M., Morris, E.P., Espinar, J.L., Bravo, M.A., Bustamante, J., D\u00edaz-Delgado, R., Koelmans, A.A., Mateo, R., Mooij, W.M., Rodr\u00edguez-Rodr\u00edguez, M., van Nes, E.H., Scheffer, M. 2017. <a href=\"http:\/\/onlinelibrary.wiley.com\/doi\/10.1002\/fee.1459\/full\" target=\"_blank\"><em><b>Creating a safe operating space for wetlands in a changing climate<\/b><\/em><\/a>. <i>Frontiers in Ecology and the Environment<\/i><\/p>\n","protected":false},"excerpt":{"rendered":"<p>Un grupo internacional de investigadores pertenecientes a la Universidad Pablo de Olavide, Estaci\u00f3n Biol\u00f3gica de Do\u00f1ana, Universidad Aut\u00f3noma de Madrid y la Wageningen University (Paises Bajos), han publicado recientemente un estudio en la prestigiosa revista Frontiers in Ecology and the Environment  que advierte del riesgo de colapso de Do\u00f1ana sin una gesti\u00f3n local m\u00e1s activa.<\/p>\n","protected":false},"author":6,"featured_media":0,"comment_status":"closed","ping_status":"open","sticky":false,"template":"","format":"standard","meta":{"_monsterinsights_skip_tracking":false,"_monsterinsights_sitenote_active":false,"_monsterinsights_sitenote_note":"","_monsterinsights_sitenote_category":0,"footnotes":""},"categories":[3],"tags":[190,1146,2130,2924,2600,1274,1195,429,2601,406],"class_list":["post-18506772","post","type-post","status-publish","format-standard","hentry","category-ciencia","tag-andalucia","tag-conservacion","tag-departamento-de-sistemas-fisicos","tag-desarrollo-local","tag-donana","tag-fauna","tag-flora","tag-medio-ambiente","tag-parque-nacional","tag-publicacion"],"_links":{"self":[{"href":"https:\/\/www.upo.es\/diario\/wp-json\/wp\/v2\/posts\/18506772","targetHints":{"allow":["GET"]}}],"collection":[{"href":"https:\/\/www.upo.es\/diario\/wp-json\/wp\/v2\/posts"}],"about":[{"href":"https:\/\/www.upo.es\/diario\/wp-json\/wp\/v2\/types\/post"}],"author":[{"embeddable":true,"href":"https:\/\/www.upo.es\/diario\/wp-json\/wp\/v2\/users\/6"}],"replies":[{"embeddable":true,"href":"https:\/\/www.upo.es\/diario\/wp-json\/wp\/v2\/comments?post=18506772"}],"version-history":[{"count":9,"href":"https:\/\/www.upo.es\/diario\/wp-json\/wp\/v2\/posts\/18506772\/revisions"}],"predecessor-version":[{"id":18507704,"href":"https:\/\/www.upo.es\/diario\/wp-json\/wp\/v2\/posts\/18506772\/revisions\/18507704"}],"wp:attachment":[{"href":"https:\/\/www.upo.es\/diario\/wp-json\/wp\/v2\/media?parent=18506772"}],"wp:term":[{"taxonomy":"category","embeddable":true,"href":"https:\/\/www.upo.es\/diario\/wp-json\/wp\/v2\/categories?post=18506772"},{"taxonomy":"post_tag","embeddable":true,"href":"https:\/\/www.upo.es\/diario\/wp-json\/wp\/v2\/tags?post=18506772"}],"curies":[{"name":"wp","href":"https:\/\/api.w.org\/{rel}","templated":true}]}}