{"id":18507702,"date":"2017-02-23T00:13:21","date_gmt":"2017-02-23T00:13:21","guid":{"rendered":"https:\/\/www.upo.es\/diario\/?p=18507702"},"modified":"2017-02-24T08:05:55","modified_gmt":"2017-02-24T08:05:55","slug":"manana-en-la-upo-montaje-teatral-por-que-siempre-del-colectivo-mujeres-en-marcha","status":"publish","type":"post","link":"https:\/\/www.upo.es\/diario\/cultura\/2017\/02\/manana-en-la-upo-montaje-teatral-por-que-siempre-del-colectivo-mujeres-en-marcha\/","title":{"rendered":"Hoy en la UPO, montaje teatral \u00ab\u00bfPor qu\u00e9, siempre?\u00bb del colectivo Mujeres en Marcha"},"content":{"rendered":"<p><a href=\"https:\/\/www.upo.es\/diario\/wp-content\/uploads\/2017\/02\/PROGRAMACION-CULTURA-MINIMA-2017-9.jpg\"><img loading=\"lazy\" decoding=\"async\" class=\"alignright size-medium wp-image-18507707\" alt=\"Microsoft Word - PROGRAMACI\u00d3N CULTURA M\u00cdNIMA 2017.docx\" src=\"https:\/\/www.upo.es\/diario\/wp-content\/uploads\/2017\/02\/PROGRAMACION-CULTURA-MINIMA-2017-9-297x320.jpg\" width=\"297\" height=\"320\" srcset=\"https:\/\/www.upo.es\/diario\/wp-content\/uploads\/2017\/02\/PROGRAMACION-CULTURA-MINIMA-2017-9-297x320.jpg 297w, https:\/\/www.upo.es\/diario\/wp-content\/uploads\/2017\/02\/PROGRAMACION-CULTURA-MINIMA-2017-9-558x600.jpg 558w, https:\/\/www.upo.es\/diario\/wp-content\/uploads\/2017\/02\/PROGRAMACION-CULTURA-MINIMA-2017-9-600x644.jpg 600w, https:\/\/www.upo.es\/diario\/wp-content\/uploads\/2017\/02\/PROGRAMACION-CULTURA-MINIMA-2017-9.jpg 725w\" sizes=\"auto, (max-width: 297px) 100vw, 297px\" \/><\/a>Hoy jueves 23 de febrero, a las 19:30 horas en el espacio sociocultural \u201cEl Entramado\u201d (edificio 42) de la Universidad Pablo de Olavide, se representar\u00e1 el montaje teatral \u00a0<b>\u201c\u00bfPor qu\u00e9, siempre?\u201d<\/b>, una propuesta del colectivo Mujeres en Marcha. La entrada tiene un precio de 4 euros.<\/p>\n<p>Como indican sus creadoras, \u201ceste montaje teatral, que no obra de teatro, consiste en un recitado de textos del desaparecido escritor uruguayo Eduardo Galeano. Lo hacen 7 mujeres y trata sobre las diferentes violencias machistas que sufren las mujeres de todo el mundo y todas las \u00e9pocas conocidas. Cada una va tomando la palabra para recitar sugerentes textos sobre la mujer a trav\u00e9s de la Historia: Hipatia, esa hereje en una ciudad de machos cristianos;\u00a0 Teresa de \u00c1vila, f\u00e9mina inquieta y andariega, desobediente y contumaz; Hatshepsut, la faraona a la que quisieron borrar de la historia de Egipto; Alexandra Kollontai, la \u00fanica ministra en el gobierno de Lenin que facilit\u00f3 grandes avances para las mujeres en la Rusia revolucionaria; la reina Urraca, desvirtuada por la historia clerical, \u2026 y as\u00ed hasta 14 peque\u00f1os pero interesantes textos\u201d.<\/p>\n<p><b>\u201cCultura M\u00ednima\u201d<\/b> es un espacio para el arte y la cultura emergentes en la Universidad Pablo de Olavide puesto en marcha por el Vicerrectorado de Cultura y Compromiso Social, a trav\u00e9s del Servicio de Extensi\u00f3n Cultural de la Unidad de Cultura y Participaci\u00f3n Social. De esta manera, el espacio sociocultural \u201cEl Entramado\u201d se consolida como el espacio estable de la programaci\u00f3n cultural de la Olavide, acogiendo propuestas art\u00edsticas de todas las disciplinas como teatro, danza, flamenco, recitales de poes\u00eda, presentaciones de libros, o recitales en ac\u00fastico de agrupaciones musicales y solistas.<\/p>\n<p>Adem\u00e1s, \u201cEl Entramado\u201d acoge el trabajo diario de las agrupaciones que conforman el Programa Artes y Formaci\u00f3n del Vicerrectorado de Cultura y Compromiso Social, como el Aula de Artes Esc\u00e9nicas, Coro de la UPO, Pe\u00f1a Universitaria \u201cSentir Flamenco\u201d y la colaboraci\u00f3n desde hace a\u00f1os con el Coro South Gospel de Sevilla.<\/p>\n<p>&nbsp;<\/p>\n<p><b>\u00a0<\/b><\/p>\n<p><b><a href=\"https:\/\/www.upo.es\/cms1\/export\/sites\/upo\/upsc\/extension_cultural\/documentos\/Programacixn15-16DEF.pdf\">Programaci\u00f3n de \u201cCultura M\u00ednima\u201d<\/a><\/b><\/p>\n<p><b>\u00a0<\/b><\/p>\n<p><b><a href=\"https:\/\/www.upo.es\/upsc\/extension_cultural\/agenda\/\">Agenda Servicio de Extensi\u00f3n Cultural de la UPO<\/a><\/b><\/p>\n","protected":false},"excerpt":{"rendered":"<p>Hoy jueves 23 de febrero, a las 19:30 horas en el espacio sociocultural \u201cEl Entramado\u201d (edificio 42) de la Universidad Pablo de Olavide, se representar\u00e1 el montaje teatral  \u201c\u00bfPor qu\u00e9, siempre?\u201d, una propuesta del colectivo Mujeres en Marcha. La entrada tiene un precio de 4 euros. <\/p>\n","protected":false},"author":4,"featured_media":0,"comment_status":"closed","ping_status":"open","sticky":false,"template":"","format":"standard","meta":{"_monsterinsights_skip_tracking":false,"_monsterinsights_sitenote_active":false,"_monsterinsights_sitenote_note":"","_monsterinsights_sitenote_category":0,"footnotes":""},"categories":[7],"tags":[3892,2664,95],"class_list":["post-18507702","post","type-post","status-publish","format-standard","hentry","category-cultura","tag-mujeres-en-marcha","tag-programa-cultura-minima","tag-teatro"],"_links":{"self":[{"href":"https:\/\/www.upo.es\/diario\/wp-json\/wp\/v2\/posts\/18507702","targetHints":{"allow":["GET"]}}],"collection":[{"href":"https:\/\/www.upo.es\/diario\/wp-json\/wp\/v2\/posts"}],"about":[{"href":"https:\/\/www.upo.es\/diario\/wp-json\/wp\/v2\/types\/post"}],"author":[{"embeddable":true,"href":"https:\/\/www.upo.es\/diario\/wp-json\/wp\/v2\/users\/4"}],"replies":[{"embeddable":true,"href":"https:\/\/www.upo.es\/diario\/wp-json\/wp\/v2\/comments?post=18507702"}],"version-history":[{"count":4,"href":"https:\/\/www.upo.es\/diario\/wp-json\/wp\/v2\/posts\/18507702\/revisions"}],"predecessor-version":[{"id":18547007,"href":"https:\/\/www.upo.es\/diario\/wp-json\/wp\/v2\/posts\/18507702\/revisions\/18547007"}],"wp:attachment":[{"href":"https:\/\/www.upo.es\/diario\/wp-json\/wp\/v2\/media?parent=18507702"}],"wp:term":[{"taxonomy":"category","embeddable":true,"href":"https:\/\/www.upo.es\/diario\/wp-json\/wp\/v2\/categories?post=18507702"},{"taxonomy":"post_tag","embeddable":true,"href":"https:\/\/www.upo.es\/diario\/wp-json\/wp\/v2\/tags?post=18507702"}],"curies":[{"name":"wp","href":"https:\/\/api.w.org\/{rel}","templated":true}]}}