{"id":1852479,"date":"2013-10-23T12:13:08","date_gmt":"2013-10-23T12:13:08","guid":{"rendered":"https:\/\/www.upo.es\/diario\/?p=1852479"},"modified":"2013-10-25T07:23:35","modified_gmt":"2013-10-25T07:23:35","slug":"los-estudiantes-otorgan-la-nota-mas-alta-de-todas-las-ediciones-a-los-cursos-de-verano-de-la-upo-2013-en-carmona","status":"publish","type":"post","link":"https:\/\/www.upo.es\/diario\/institucional\/2013\/10\/los-estudiantes-otorgan-la-nota-mas-alta-de-todas-las-ediciones-a-los-cursos-de-verano-de-la-upo-2013-en-carmona\/","title":{"rendered":"Los estudiantes otorgan la nota m\u00e1s alta de todas las ediciones a los Cursos de Verano de la UPO 2013 en Carmona"},"content":{"rendered":"<figure id=\"attachment_1852480\" aria-describedby=\"caption-attachment-1852480\" style=\"width: 320px\" class=\"wp-caption alignright\"><a href=\"https:\/\/www.upo.es\/diario\/wp-content\/uploads\/2013\/10\/encuestacuve2013.jpg\"><img loading=\"lazy\" decoding=\"async\" class=\"size-medium wp-image-1852480\" alt=\"Sede universitaria de la UPO en Carmona\" src=\"https:\/\/www.upo.es\/diario\/wp-content\/uploads\/2013\/10\/encuestacuve2013-320x214.jpg\" width=\"320\" height=\"214\" srcset=\"https:\/\/www.upo.es\/diario\/wp-content\/uploads\/2013\/10\/encuestacuve2013-320x214.jpg 320w, https:\/\/www.upo.es\/diario\/wp-content\/uploads\/2013\/10\/encuestacuve2013-1024x685.jpg 1024w, https:\/\/www.upo.es\/diario\/wp-content\/uploads\/2013\/10\/encuestacuve2013-600x401.jpg 600w, https:\/\/www.upo.es\/diario\/wp-content\/uploads\/2013\/10\/encuestacuve2013.jpg 1900w\" sizes=\"auto, (max-width: 320px) 100vw, 320px\" \/><\/a><figcaption id=\"caption-attachment-1852480\" class=\"wp-caption-text\">El porcentaje de alumnos con beca ha alcanzando el 35,24%, superando ampliamente el porcentaje establecido por ley de un 10%<\/figcaption><\/figure>\n<p>Los Cursos de Verano 2013 de la Universidad Pablo de Olavide en Carmona han sido calificados por los estudiantes con sobresaliente, con una calificaci\u00f3n general de 4,28 sobre 5, la nota m\u00e1s alta obtenida en todas sus ediciones Las encuestas de satisfacci\u00f3n realizadas a los participantes han contado con una alta tasa de respuesta de los alumnos de los Cursos de Verano, que ha alcanzado el 75,38 por ciento, quienes han valorado tanto la gesti\u00f3n como el contenido de los seminarios. Han sido evaluados los 28 cursos de verano celebrados durante los meses de julio y agosto.<\/p>\n<p>Respecto a los contenidos de los Cursos de Verano de la UPO, la media global es de 4,30 sobre 5. Dentro de este apartado, la calidad de la docencia alcanza la mayor puntuaci\u00f3n con un 4,46, seguido del inter\u00e9s de los temas tratados con un 4,41. Mientras que el programa en s\u00ed es puntuado con un 4,20 y el cumplimiento del mismo recibe un 4,18. El equilibrio entre las materias tratadas logra un 4,09 y la profundizaci\u00f3n de los temas tratados obtiene una calificaci\u00f3n de 3,99.<\/p>\n<p>En cuanto a la gesti\u00f3n, la media global es de 4,18 sobre 5. La mayor puntuaci\u00f3n en este campo ha sido para la soluci\u00f3n de incidencias, con un 4,17, lo que indica que en la mayor\u00eda de los casos \u00e9stas se resolvieron satisfactoriamente. Le sigue en puntuaci\u00f3n la acogida recibida antes del evento, con un 3,98 sobre 5. Asimismo, la calidad de las instalaciones empleadas, ubicadas en la casa palacio de Los Briones como sede permanente de Olavide en Carmona, ha obtenido un 3,94 sobre 5. Por \u00faltimo, la informaci\u00f3n recibida previa al seminario es evaluada por los estudiantes con un 3,76.<\/p>\n<p><strong>PERFIL DE LOS ESTUDIANTES<\/strong><\/p>\n<p>Estas encuestas posibilitan conocer, adem\u00e1s del grado de satisfacci\u00f3n de los estudiantes de los cursos, el perfil del alumnado. As\u00ed, un 79,12 por ciento de los encuestados no procede de la comunidad universitaria de la Olavide, aunque el 70,06 por ciento procede de Sevilla y provincia, mientras que el 29,94 por ciento llegaron de otras provincias andaluzas, espa\u00f1olas y el extranjero. Entre los estudiantes matriculados predominan las mujeres, 59,35 por ciento, frente a los hombres, 40,65 por ciento.<\/p>\n<p>Finalmente, otro dato a tener en cuenta es que el 23,77 por ciento de los estudiantes encuestados repite en los Cursos de Verano de la Universidad Pablo de Olavide, lo que viene a confirmar que \u00e9stos se est\u00e1n convirtiendo cada vez m\u00e1s en referente de actividades formativas en la provincia.<\/p>\n<p>El programa de los cursos de la und\u00e9cima edici\u00f3n, que ha contado con un total de 74 acuerdos de colaboraci\u00f3n, entre instituciones, entidades y otras empresas colaboradoras y patrocinadoras, se desarroll\u00f3 en las fechas comprendidas entre el 1 de julio y el 23 de agosto. En esta edici\u00f3n se han celebrado 28 seminarios por los que han pasado 730 estudiantes y 252 profesores y profesoras. Entre \u00e9stos cabe destacar la presencia de de escritores como Luis Garc\u00eda Montero o Jes\u00fas Bonilla; el humorista y locutor de radio Jos\u00e9 Guerrero Rold\u00e1n \u2018El Yuyu\u2019 o el presentador Manu S\u00e1nchez, as\u00ed como el dramaturgo y ex director de la Compa\u00f1\u00eda Nacional de Teatro Cl\u00e1sico, Jos\u00e9 Luis Alonso de Santos.<\/p>\n<p>Representantes del mundo judicial, como Luis Carlos Rodr\u00edguez Le\u00f3n, fiscal delegado de Seguridad Vial de Andaluc\u00eda; la abogada Ana Mar\u00eda Ruiz-Tagle; y pol\u00edticos como la consejera de Educaci\u00f3n, Mar Moreno, el viceconsejero de Administraci\u00f3n Local y Relaciones Institucionales de la Junta de Andaluc\u00eda, Jos\u00e9 Luis P\u00e9rez Tapias o el coordinador general de IU en Andaluc\u00eda, Antonio Ma\u00edllo.<\/p>\n<p>Tambi\u00e9n han participado periodistas como Pilar del R\u00edo, presidenta de la Fundaci\u00f3n Jos\u00e9 Saramago; Pepa Bueno, directora del programa \u2018Hoy por hoy\u2019 de la Cadena SER; Alicia G\u00f3mez Montano, ex directora de Informe Semanal; Rafael Rodr\u00edguez, presidente de la Asociaci\u00f3n de la Prensa de Sevilla; \u00c1lvaro Ybarra, director de ABC Sevilla; Jos\u00e9 Antonio Carrizosa, director de publicaciones del Grupo Joly y de Diario de Sevilla; Arsenio Escolar, director de 20 minutos; Juan Carlos Blanco, director de El Correo de Andaluc\u00eda; Carlos Enrique Bayo, director de publico.es o Francisco Rosell, director de El Mundo Andaluc\u00eda.<\/p>\n<p>Destaca adem\u00e1s, la participaci\u00f3n de Manuel Navarrete, teniente coronel de la Guardia Civil y jefe del Servicio de Informaci\u00f3n Exterior; Miguel \u00c1ngel Ballesteros, general de brigada y director del Instituto Espa\u00f1ol de Estudios Estrat\u00e9gicos; o Raimundo Rodr\u00edguez-Roca, teniente coronel y jefe del Estado Mayor de la Brigada de la Legi\u00f3n.<\/p>\n<p>Cient\u00edficos como Eduardo Arranz Sanz, presidente de la Sociedad Espa\u00f1ola de Enfermedad Cel\u00edaca; Luis Rodrigo S\u00e1ez, jefe de Servicio de Aparato Digestivo del Hospital Central de Asturias; David Manrique, doctor en Farmacia y project manager de Pharmexx International Spain. Tambi\u00e9n han estado presentes en los seminarios destacados chefs como Enrique S\u00e1nchez, del programa Cometelo, de Canal Sur TV o Dar\u00edo Barrio, del restaurante Dassa Bassa.<\/p>\n<p>La media general de matr\u00edcula ha alcanzado los 26 alumnos por seminario, aunque algunos han superado considerablemente esta cifra, como el curso de terrorismo yihadista con 79 participantes, y el de aprender a hablar mejor, con 38.<\/p>\n<p>Por otro lado, un total de 69 estudiantes han recibido becas oficiales de matr\u00edcula en los 28cursos celebrados. Adem\u00e1s, a trav\u00e9s de los diversos acuerdos establecidos con instituciones y entidades colaboradoras del programa 2013, otros 189 estudiantes se han beneficiado de matr\u00edculas gratuitas para participar en los mismos. Especial menci\u00f3n en este sentido merece la Diputaci\u00f3n de Sevilla, que ha becado a un gran n\u00famero de alcaldes, concejales y t\u00e9cnicos de los ayuntamientos de la provincia. De esta manera, el porcentaje de estudiantes con beca en los cursos de verano 2013 ha alcanzado el 35,24, superando el porcentaje establecido por Ley de un 10%, lo que supone una muestra de implicaci\u00f3n con la sociedad en estos tiempos dif\u00edciles.<\/p>\n<p>El programa 2013 ha tenido un marcado car\u00e1cter interdisciplinar, abordando tem\u00e1ticas muy diversas, como: Las nuevas alternativas en el periodismo, el municipalismo, el emprendimiento en diferentes vertientes y facetas, nuevos retos de los alimentos en la cocina y la industria, las t\u00e9cnicas para aprender a hablar en p\u00fablico, una reflexi\u00f3n sobre los valores de nuestra democracia, el coaching y el personal branding,\u00a0 el estudio de los alimentos para cel\u00edacos, la seguridad vial en el \u00e1mbito laboral y otros muchos seminarios.<\/p>\n<p>La XI edici\u00f3n de los Cursos de Verano ha abordado, adem\u00e1s, materias y disciplinas complementarias, como las terapias ecuestres, el turismo vinculado a la literatura, la arteterapia, un taller para actores y actrices, o las demandadas pr\u00e1cticas arqueol\u00f3gicas en excavaciones abiertas en la hist\u00f3rica ciudad de Carmona.<\/p>\n","protected":false},"excerpt":{"rendered":"<p>Los Cursos de Verano 2013 de la Universidad Pablo de Olavide en Carmona han sido calificados por los estudiantes con sobresaliente, con una calificaci\u00f3n general de 4,28 sobre 5, la nota m\u00e1s alta obtenida en todas sus ediciones Las encuestas de satisfacci\u00f3n realizadas a los participantes han contado con una alta tasa de respuesta de los alumnos de los Cursos de Verano, que ha alcanzado el 75,38 por ciento, quienes han valorado tanto la gesti\u00f3n como el contenido de los seminarios. Han sido evaluados los 28 cursos de verano celebrados durante los meses de julio y agosto.<\/p>\n","protected":false},"author":6,"featured_media":0,"comment_status":"closed","ping_status":"open","sticky":false,"template":"","format":"standard","meta":{"_monsterinsights_skip_tracking":false,"_monsterinsights_sitenote_active":false,"_monsterinsights_sitenote_note":"","_monsterinsights_sitenote_category":0,"footnotes":""},"categories":[6],"tags":[23,22,238,21,519],"class_list":["post-1852479","post","type-post","status-publish","format-standard","hentry","category-institucional","tag-carmona","tag-cursos-de-verano","tag-encuesta","tag-estudiantes","tag-olavide-en-carmona"],"_links":{"self":[{"href":"https:\/\/www.upo.es\/diario\/wp-json\/wp\/v2\/posts\/1852479","targetHints":{"allow":["GET"]}}],"collection":[{"href":"https:\/\/www.upo.es\/diario\/wp-json\/wp\/v2\/posts"}],"about":[{"href":"https:\/\/www.upo.es\/diario\/wp-json\/wp\/v2\/types\/post"}],"author":[{"embeddable":true,"href":"https:\/\/www.upo.es\/diario\/wp-json\/wp\/v2\/users\/6"}],"replies":[{"embeddable":true,"href":"https:\/\/www.upo.es\/diario\/wp-json\/wp\/v2\/comments?post=1852479"}],"version-history":[{"count":2,"href":"https:\/\/www.upo.es\/diario\/wp-json\/wp\/v2\/posts\/1852479\/revisions"}],"predecessor-version":[{"id":1865950,"href":"https:\/\/www.upo.es\/diario\/wp-json\/wp\/v2\/posts\/1852479\/revisions\/1865950"}],"wp:attachment":[{"href":"https:\/\/www.upo.es\/diario\/wp-json\/wp\/v2\/media?parent=1852479"}],"wp:term":[{"taxonomy":"category","embeddable":true,"href":"https:\/\/www.upo.es\/diario\/wp-json\/wp\/v2\/categories?post=1852479"},{"taxonomy":"post_tag","embeddable":true,"href":"https:\/\/www.upo.es\/diario\/wp-json\/wp\/v2\/tags?post=1852479"}],"curies":[{"name":"wp","href":"https:\/\/api.w.org\/{rel}","templated":true}]}}