{"id":1852483,"date":"2013-10-23T12:15:01","date_gmt":"2013-10-23T12:15:01","guid":{"rendered":"https:\/\/www.upo.es\/diario\/?p=1852483"},"modified":"2013-10-23T12:15:01","modified_gmt":"2013-10-23T12:15:01","slug":"sobresaliente-cum-laude-para-la-tesis-del-ideal-europeo-a-la-realidad-arabe-inmigrantes-sirio-libaneses-en-el-circuito-comercial-entre-cartagena-el-sinu-y-el-atrato-colombia","status":"publish","type":"post","link":"https:\/\/www.upo.es\/diario\/tesis\/2013\/10\/sobresaliente-cum-laude-para-la-tesis-del-ideal-europeo-a-la-realidad-arabe-inmigrantes-sirio-libaneses-en-el-circuito-comercial-entre-cartagena-el-sinu-y-el-atrato-colombia\/","title":{"rendered":"Sobresaliente Cum Laude para la tesis \u201cDel ideal europeo a la realidad \u00e1rabe: inmigrantes sirio-libaneses en el circuito comercial entre Cartagena, el Sin\u00fa y el Atrato (Colombia)\u201d"},"content":{"rendered":"<p>Hoy mi\u00e9rcoles ha tenido lugar en la sala de grados del edificio 6, la defensa p\u00fablica de la tesis doctoral titulada \u201cDel ideal europeo a la realidad \u00e1rabe: inmigrantes sirio-libaneses en el circuito comercial entre Cartagena, el Sin\u00fa y el Atrato (Colombia). 1880-1930\u201d, de la que es autora Ana Milena Rhenals Doria. Esta tesis doctoral ha sido dirigida por el profesor Alfonso Munera Cavadia, de la Universidad de Cartagena (Colombia) y tiene como tutor al profesor Juan Marchena Fern\u00e1ndez, del Departamento de Geograf\u00eda, Historia y Filosof\u00eda de la Universidad Pablo de Olavide. La tesis ha obtenido la calificaci\u00f3n de Sobresaliente Cum Laude.<\/p>\n","protected":false},"excerpt":{"rendered":"<p>Hoy mi\u00e9rcoles ha tenido lugar en la sala de grados del edificio 6, la defensa p\u00fablica de la tesis doctoral titulada \u201cDel ideal europeo a la realidad \u00e1rabe: inmigrantes sirio-libaneses en el circuito comercial entre Cartagena, el Sin\u00fa y el Atrato (Colombia). 1880-1930\u201d, de la que es autora Ana Milena Rhenals Doria. Esta tesis doctoral ha sido dirigida por el profesor Alfonso Munera Cavadia, de la Universidad de Cartagena (Colombia) y tiene como tutor al profesor Juan Marchena Fern\u00e1ndez, del Departamento de Geograf\u00eda, Historia y Filosof\u00eda de la Universidad Pablo de Olavide. La tesis ha obtenido la calificaci\u00f3n de Sobresaliente Cum Laude.<\/p>\n","protected":false},"author":5,"featured_media":0,"comment_status":"closed","ping_status":"open","sticky":false,"template":"","format":"standard","meta":{"_monsterinsights_skip_tracking":false,"_monsterinsights_sitenote_active":false,"_monsterinsights_sitenote_note":"","_monsterinsights_sitenote_category":0,"footnotes":""},"categories":[119],"tags":[946,587,953],"class_list":["post-1852483","post","type-post","status-publish","format-standard","hentry","category-tesis","tag-colombia","tag-comercio","tag-inmigracion"],"_links":{"self":[{"href":"https:\/\/www.upo.es\/diario\/wp-json\/wp\/v2\/posts\/1852483","targetHints":{"allow":["GET"]}}],"collection":[{"href":"https:\/\/www.upo.es\/diario\/wp-json\/wp\/v2\/posts"}],"about":[{"href":"https:\/\/www.upo.es\/diario\/wp-json\/wp\/v2\/types\/post"}],"author":[{"embeddable":true,"href":"https:\/\/www.upo.es\/diario\/wp-json\/wp\/v2\/users\/5"}],"replies":[{"embeddable":true,"href":"https:\/\/www.upo.es\/diario\/wp-json\/wp\/v2\/comments?post=1852483"}],"version-history":[{"count":1,"href":"https:\/\/www.upo.es\/diario\/wp-json\/wp\/v2\/posts\/1852483\/revisions"}],"predecessor-version":[{"id":1852484,"href":"https:\/\/www.upo.es\/diario\/wp-json\/wp\/v2\/posts\/1852483\/revisions\/1852484"}],"wp:attachment":[{"href":"https:\/\/www.upo.es\/diario\/wp-json\/wp\/v2\/media?parent=1852483"}],"wp:term":[{"taxonomy":"category","embeddable":true,"href":"https:\/\/www.upo.es\/diario\/wp-json\/wp\/v2\/categories?post=1852483"},{"taxonomy":"post_tag","embeddable":true,"href":"https:\/\/www.upo.es\/diario\/wp-json\/wp\/v2\/tags?post=1852483"}],"curies":[{"name":"wp","href":"https:\/\/api.w.org\/{rel}","templated":true}]}}