{"id":1852485,"date":"2013-10-24T08:10:53","date_gmt":"2013-10-24T08:10:53","guid":{"rendered":"https:\/\/www.upo.es\/diario\/?p=1852485"},"modified":"2013-10-24T08:25:15","modified_gmt":"2013-10-24T08:25:15","slug":"manana-comienza-en-la-upo-el-workshop-internacional-competencia-fiscal-y-sistema-tributario-dimension-europea-e-interna","status":"publish","type":"post","link":"https:\/\/www.upo.es\/diario\/institucional\/2013\/10\/manana-comienza-en-la-upo-el-workshop-internacional-competencia-fiscal-y-sistema-tributario-dimension-europea-e-interna\/","title":{"rendered":"Comienza en la UPO el workshop internacional \u00abCompetencia fiscal y sistema tributario: dimensi\u00f3n europea e interna\u00bb"},"content":{"rendered":"<figure id=\"attachment_1858715\" aria-describedby=\"caption-attachment-1858715\" style=\"width: 320px\" class=\"wp-caption alignright\"><a href=\"https:\/\/www.upo.es\/diario\/wp-content\/uploads\/2013\/10\/workshop-competencia-fiscal.jpg\"><img loading=\"lazy\" decoding=\"async\" class=\"size-medium wp-image-1858715\" alt=\"Inauguraci\u00f3n del workshop en la UPO\" src=\"https:\/\/www.upo.es\/diario\/wp-content\/uploads\/2013\/10\/workshop-competencia-fiscal-320x213.jpg\" width=\"320\" height=\"213\" srcset=\"https:\/\/www.upo.es\/diario\/wp-content\/uploads\/2013\/10\/workshop-competencia-fiscal-320x213.jpg 320w, https:\/\/www.upo.es\/diario\/wp-content\/uploads\/2013\/10\/workshop-competencia-fiscal-1024x682.jpg 1024w, https:\/\/www.upo.es\/diario\/wp-content\/uploads\/2013\/10\/workshop-competencia-fiscal-600x400.jpg 600w\" sizes=\"auto, (max-width: 320px) 100vw, 320px\" \/><\/a><figcaption id=\"caption-attachment-1858715\" class=\"wp-caption-text\">Jes\u00fas Ramos Prieto, en la mesa primero por la izquierda, es el director de este encuentro<\/figcaption><\/figure>\n<p style=\"text-align: justify;\">El encuentro, que se celebrar\u00e1 hasta ma\u00f1ana viernes 25 de octubre, est\u00e1 organizado por el \u00c1rea de Derecho Financiero y Tributario de la UPO y la Scuola Europea di Alti Studi Tributai (SEAST) de la Universidad de Bolonia. Asimismo,\u00a0se enmarca dentro del programa de actuaciones del\u00a0Proyecto I+D+i DER 2011-25520: \u201cCompetencia fiscal y\u00a0sistema tributario: un an\u00e1lisis multinivel\u201c, financiado por el Ministerio de Econom\u00eda y Competitividad. Ha sido inaugurado esta ma\u00f1ana por el rector de la UPO, Vicente Guzm\u00e1n, junto a su director Jes\u00fas Ramos,\u00a0profesor de Derecho Financiero y Tributario de la UPO. \u00a0Les han acompa\u00f1ado en la mesa\u00a0\u00a0el profesor em\u00e9rito de la UPO, Javier Lasarte; el catedr\u00e1tico de Derecho P\u00fablico de la Universidad de Estrasburgo, Philippe Marchessou, y el abogado Michel Aujean, del despacho TAJ.<\/p>\n<p style=\"text-align: justify;\">Este workshop internacional tiene como objetivo analizar con detalle las dos dimensiones, europea e interna, de la competencia fiscal, as\u00ed como identificar los problemas principales y las posibles v\u00edas de soluci\u00f3n. Adem\u00e1s, este encuentro pretende servir de foro para que todos los interesados en la materia puedan realizar sus aportaciones. Para ello se contar\u00e1 con la participaci\u00f3n de expertos de reconocido prestigio tales como Ant\u00f3nio Carlos Dos Santos, profesor de la Universidad Aut\u00f3noma de Lisboa y del Instituto de Derecho Econ\u00f3mico, Financiero y Fiscal; Marta Villar, catedr\u00e1tica de Derecho Financiero y Tributario de la Universidad CEU-San Pablo; Andrea Mondini, profesor de Derecho Tributario de la Universidad de Bolonia y vicedirector de la SEAST; Juan L\u00f3pez Rodr\u00edguez, funcionario de la Direcci\u00f3n General de Fiscalidad y Uni\u00f3n Aduanera de la Comisi\u00f3n Europea, entre otros.<\/p>\n<figure id=\"attachment_1852800\" aria-describedby=\"caption-attachment-1852800\" style=\"width: 320px\" class=\"wp-caption alignleft\"><a href=\"https:\/\/www.upo.es\/diario\/wp-content\/uploads\/2013\/10\/competencia_fiscal_europa.jpg\"><img loading=\"lazy\" decoding=\"async\" class=\"size-medium wp-image-1852800 \" alt=\"mapa de Europa\" src=\"https:\/\/www.upo.es\/diario\/wp-content\/uploads\/2013\/10\/competencia_fiscal_europa-320x263.jpg\" width=\"320\" height=\"263\" srcset=\"https:\/\/www.upo.es\/diario\/wp-content\/uploads\/2013\/10\/competencia_fiscal_europa-320x263.jpg 320w, https:\/\/www.upo.es\/diario\/wp-content\/uploads\/2013\/10\/competencia_fiscal_europa-1024x843.jpg 1024w, https:\/\/www.upo.es\/diario\/wp-content\/uploads\/2013\/10\/competencia_fiscal_europa-600x493.jpg 600w, https:\/\/www.upo.es\/diario\/wp-content\/uploads\/2013\/10\/competencia_fiscal_europa.jpg 1030w\" sizes=\"auto, (max-width: 320px) 100vw, 320px\" \/><\/a><figcaption id=\"caption-attachment-1852800\" class=\"wp-caption-text\">El encuentro ha sido organizado por el \u00c1rea de Derecho Financiero y Tributario de la UPO y la Scuola Europea di Alti Studi Tributai de la Universidad de Bolonia<\/figcaption><\/figure>\n<p>El encuentro contar\u00e1 con tres sesiones de trabajo, en las que se celebrar\u00e1n exposiciones del documento de trabajo del proyecto I+D+i DER 2011-25520 \u201cCompetencia fiscal y sistema tributario: un an\u00e1lisis multinivel\u201d as\u00ed como conferencias de los ponentes invitados y mesas de comunicaci\u00f3n sobre la competencia fiscal en el \u00e1mbito interno y europeo.<\/p>\n<p style=\"text-align: justify;\"><a href=\"http:\/\/competenciafiscal.com\/programa\">Programa Workshop Internacional\u00a0 \u201cCompetencia fiscal y sistema tributario: dimensi\u00f3n europea e interna<\/a>\u201d<\/p>\n","protected":false},"excerpt":{"rendered":"<p>Este workshop internacional tiene como objetivo analizar con detalle las dos dimensiones, europea e interna, de la competencia fiscal, as\u00ed como identificar los problemas principales y las posibles v\u00edas de soluci\u00f3n. Adem\u00e1s, este encuentro pretende servir de foro para que todos los interesados en la materia puedan realizar sus aportaciones.<\/p>\n","protected":false},"author":4,"featured_media":0,"comment_status":"closed","ping_status":"open","sticky":false,"template":"","format":"standard","meta":{"_monsterinsights_skip_tracking":false,"_monsterinsights_sitenote_active":false,"_monsterinsights_sitenote_note":"","_monsterinsights_sitenote_category":0,"footnotes":""},"categories":[6],"tags":[955,87,808,38,78,956,5837],"class_list":["post-1852485","post","type-post","status-publish","format-standard","hentry","category-institucional","tag-competecia-fiscal","tag-derecho","tag-financiero","tag-rector","tag-seminario","tag-tributario","tag-workshop"],"_links":{"self":[{"href":"https:\/\/www.upo.es\/diario\/wp-json\/wp\/v2\/posts\/1852485","targetHints":{"allow":["GET"]}}],"collection":[{"href":"https:\/\/www.upo.es\/diario\/wp-json\/wp\/v2\/posts"}],"about":[{"href":"https:\/\/www.upo.es\/diario\/wp-json\/wp\/v2\/types\/post"}],"author":[{"embeddable":true,"href":"https:\/\/www.upo.es\/diario\/wp-json\/wp\/v2\/users\/4"}],"replies":[{"embeddable":true,"href":"https:\/\/www.upo.es\/diario\/wp-json\/wp\/v2\/comments?post=1852485"}],"version-history":[{"count":5,"href":"https:\/\/www.upo.es\/diario\/wp-json\/wp\/v2\/posts\/1852485\/revisions"}],"predecessor-version":[{"id":1852801,"href":"https:\/\/www.upo.es\/diario\/wp-json\/wp\/v2\/posts\/1852485\/revisions\/1852801"}],"wp:attachment":[{"href":"https:\/\/www.upo.es\/diario\/wp-json\/wp\/v2\/media?parent=1852485"}],"wp:term":[{"taxonomy":"category","embeddable":true,"href":"https:\/\/www.upo.es\/diario\/wp-json\/wp\/v2\/categories?post=1852485"},{"taxonomy":"post_tag","embeddable":true,"href":"https:\/\/www.upo.es\/diario\/wp-json\/wp\/v2\/tags?post=1852485"}],"curies":[{"name":"wp","href":"https:\/\/api.w.org\/{rel}","templated":true}]}}