{"id":18527789,"date":"2017-02-24T02:00:55","date_gmt":"2017-02-24T02:00:55","guid":{"rendered":"https:\/\/www.upo.es\/diario\/?p=18527789"},"modified":"2017-02-24T08:07:17","modified_gmt":"2017-02-24T08:07:17","slug":"manana-se-celebra-la-quinta-sesion-del-ciclo-nodo-atlantico-coredexpolycentricstates","status":"publish","type":"post","link":"https:\/\/www.upo.es\/diario\/institucional\/2017\/02\/manana-se-celebra-la-quinta-sesion-del-ciclo-nodo-atlantico-coredexpolycentricstates\/","title":{"rendered":"Hoy se celebra la quinta sesi\u00f3n del ciclo \u201cNodo Atl\u00e1ntico-Coredex\/Polycentricstates\u201d"},"content":{"rendered":"<p style=\"text-align: justify;\"><a href=\"https:\/\/www.upo.es\/diario\/wp-content\/uploads\/2017\/02\/cicloHistoriaModerna.jpg\"><img loading=\"lazy\" decoding=\"async\" class=\"alignright size-medium wp-image-18528706\" alt=\"cicloHistoriaModerna\" src=\"https:\/\/www.upo.es\/diario\/wp-content\/uploads\/2017\/02\/cicloHistoriaModerna-320x195.jpg\" width=\"320\" height=\"195\" srcset=\"https:\/\/www.upo.es\/diario\/wp-content\/uploads\/2017\/02\/cicloHistoriaModerna-320x195.jpg 320w, https:\/\/www.upo.es\/diario\/wp-content\/uploads\/2017\/02\/cicloHistoriaModerna-600x366.jpg 600w\" sizes=\"auto, (max-width: 320px) 100vw, 320px\" \/><\/a>Hoy viernes 24 de febrero, a las 16 horas en la sala Calder\u00f3n Quijano de la Escuela de Estudios Hispano-Americanos (C\/ Alfonso XII, 16), se celebrar\u00e1 la quinta sesi\u00f3n del <b>ciclo de conferencias \u201cNodo Atl\u00e1ntico-Coredex\/Polycentricstates\u201d<\/b> organizado por el \u00c1rea de Historia Moderna de la Universidad Pablo de Olavide con la colaboraci\u00f3n de Universidad de Murcia y la Escuela de Estudios Hispano-Americanos. La entrada es libre hasta completar el aforo.<\/p>\n<p style=\"text-align: justify;\">En esta sesi\u00f3n participar\u00e1n el profesor de la Univerzita Pardubice, Pavel Marek, con la ponencia \u201cLa embajada espa\u00f1ola en la corte imperial 1550-1640 y la formaci\u00f3n de la red clientelar del rey cat\u00f3lico\u201d y el profesor de la Universidad Aut\u00f3noma de Madrid, Ond\u0159ej Stoli\u010dka, con la conferencia \u201cLa embajada del elector de Brandenburgo en la Corte de Madrid. El caso de Melchior von Ruck en Madrid (1676-1681)\u201d.<\/p>\n<p style=\"text-align: justify;\">El objetivo de este ciclo de conferencias, que se compone de un total de nueve sesiones que se celebrar\u00e1n hasta el mes de junio, es discutir sobre m\u00e9todos y nuevas l\u00edneas de investigaci\u00f3n en el \u00e1mbito de la Historia Moderna desde una perspectiva interdisciplinar.<\/p>\n<p style=\"text-align: justify;\">El ciclo de conferencias \u201cNodo Atl\u00e1ntico-Coredex\/Polycentricstates\u201d est\u00e1 vinculado al <a href=\"https:\/\/www.upo.es\/postgrado\/Doctorado-Historia-y-Estudios-Humanisticos-Europa-America-Arte-y-Lenguas\">doctorado en Historia y Estudios Human\u00edsticos: Europa, Arte y Lenguas<\/a> de la UPO y al Nodo Atl\u00e1ntico de la red de Excelencia Columnaria-Coredex, as\u00ed como al proyecto Polycentricstates. Asimismo, cuenta con la financiaci\u00f3n del Centros de Estudios de Postgrado de la UPO (CEDEP) y la colaboraci\u00f3n de la <a href=\"http:\/\/revistadehistoriaeufrates.blogspot.com.es\/\">revista \u00c9ufrates<\/a>, puesta en marcha por un grupo de egresados del grado de Geograf\u00eda e Historia de la UPO.<\/p>\n<p style=\"text-align: justify;\"><a href=\"http:\/\/crisantemo.upo.es\/export\/portal\/com\/bin\/portal\/fhum\/noticias\/Ciclo_de_Conferencias_Nodo_Atlantico\/1478590974076_cartel-ciclo2017_programa_300.pdf\">Programa Ciclo de Conferencias \u201cNodo Atl\u00e1ntico-Coredex\/Polycentricstates<\/a><\/p>\n","protected":false},"excerpt":{"rendered":"<p>Hoy viernes 24 de febrero, a las 16 horas en la sala Calder\u00f3n Quijano de la Escuela de Estudios Hispano-Americanos (C\/ Alfonso XII, 16), se celebrar\u00e1 la quinta sesi\u00f3n del ciclo de conferencias \u201cNodo Atl\u00e1ntico-Coredex\/Polycentricstates\u201d organizado por el \u00c1rea de Historia Moderna de la Universidad Pablo de Olavide con la colaboraci\u00f3n de Universidad de Murcia y la Escuela de Estudios Hispano-Americanos. La entrada es libre hasta completar el aforo. <\/p>\n","protected":false},"author":4,"featured_media":0,"comment_status":"closed","ping_status":"open","sticky":false,"template":"","format":"standard","meta":{"_monsterinsights_skip_tracking":false,"_monsterinsights_sitenote_active":false,"_monsterinsights_sitenote_note":"","_monsterinsights_sitenote_category":0,"footnotes":""},"categories":[6],"tags":[1516,1110,1113,1037,2970],"class_list":["post-18527789","post","type-post","status-publish","format-standard","hentry","category-institucional","tag-area-de-historia-moderna","tag-ciclo-de-conferencias","tag-eeha","tag-escuela-de-estudios-hispano-americanos","tag-nodo-atlantico"],"_links":{"self":[{"href":"https:\/\/www.upo.es\/diario\/wp-json\/wp\/v2\/posts\/18527789","targetHints":{"allow":["GET"]}}],"collection":[{"href":"https:\/\/www.upo.es\/diario\/wp-json\/wp\/v2\/posts"}],"about":[{"href":"https:\/\/www.upo.es\/diario\/wp-json\/wp\/v2\/types\/post"}],"author":[{"embeddable":true,"href":"https:\/\/www.upo.es\/diario\/wp-json\/wp\/v2\/users\/4"}],"replies":[{"embeddable":true,"href":"https:\/\/www.upo.es\/diario\/wp-json\/wp\/v2\/comments?post=18527789"}],"version-history":[{"count":5,"href":"https:\/\/www.upo.es\/diario\/wp-json\/wp\/v2\/posts\/18527789\/revisions"}],"predecessor-version":[{"id":18547009,"href":"https:\/\/www.upo.es\/diario\/wp-json\/wp\/v2\/posts\/18527789\/revisions\/18547009"}],"wp:attachment":[{"href":"https:\/\/www.upo.es\/diario\/wp-json\/wp\/v2\/media?parent=18527789"}],"wp:term":[{"taxonomy":"category","embeddable":true,"href":"https:\/\/www.upo.es\/diario\/wp-json\/wp\/v2\/categories?post=18527789"},{"taxonomy":"post_tag","embeddable":true,"href":"https:\/\/www.upo.es\/diario\/wp-json\/wp\/v2\/tags?post=18527789"}],"curies":[{"name":"wp","href":"https:\/\/api.w.org\/{rel}","templated":true}]}}