{"id":18618408,"date":"2017-03-01T03:09:43","date_gmt":"2017-03-01T03:09:43","guid":{"rendered":"https:\/\/www.upo.es\/diario\/?p=18618408"},"modified":"2017-03-06T14:30:01","modified_gmt":"2017-03-06T14:30:01","slug":"la-upo-abre-el-miercoles-el-plazo-de-inscripcion-a-las-pruebas-de-acceso-a-la-universidad-para-mayores-de-25-y-45-anos","status":"publish","type":"post","link":"https:\/\/www.upo.es\/diario\/institucional\/2017\/03\/la-upo-abre-el-miercoles-el-plazo-de-inscripcion-a-las-pruebas-de-acceso-a-la-universidad-para-mayores-de-25-y-45-anos\/","title":{"rendered":"La UPO abre el plazo de inscripci\u00f3n a las pruebas de acceso a la universidad para mayores de 25 y 45 a\u00f1os"},"content":{"rendered":"<figure id=\"attachment_18618409\" aria-describedby=\"caption-attachment-18618409\" style=\"width: 320px\" class=\"wp-caption alignright\"><a href=\"https:\/\/www.upo.es\/diario\/wp-content\/uploads\/2017\/02\/pauloramalho-0514-7661.jpg\"><img loading=\"lazy\" decoding=\"async\" class=\"size-medium wp-image-18618409\" alt=\"El plazo de inscripci\u00f3n: del 1 al 17 de marzo inclusive\" src=\"https:\/\/www.upo.es\/diario\/wp-content\/uploads\/2017\/02\/pauloramalho-0514-7661-320x212.jpg\" width=\"320\" height=\"212\" srcset=\"https:\/\/www.upo.es\/diario\/wp-content\/uploads\/2017\/02\/pauloramalho-0514-7661-320x212.jpg 320w, https:\/\/www.upo.es\/diario\/wp-content\/uploads\/2017\/02\/pauloramalho-0514-7661-600x399.jpg 600w, https:\/\/www.upo.es\/diario\/wp-content\/uploads\/2017\/02\/pauloramalho-0514-7661.jpg 900w\" sizes=\"auto, (max-width: 320px) 100vw, 320px\" \/><\/a><figcaption id=\"caption-attachment-18618409\" class=\"wp-caption-text\">El plazo de inscripci\u00f3n: del 1 al 17 de marzo inclusive<\/figcaption><\/figure>\n<p style=\"text-align: justify;\">La Universidad Pablo de Olavide abre hoy mi\u00e9rcoles<b> 1 de marzo<\/b> el plazo de inscripci\u00f3n a las <b>Pruebas de Acceso a la Universidad para Mayores de 25 a\u00f1os y para Mayores de 45 a\u00f1o<\/b>s, que concluir\u00e1 el <b>d\u00eda 17 de marzo de 2017<\/b>.<\/p>\n<p style=\"text-align: justify;\">La inscripci\u00f3n se efectuar\u00e1, dentro del plazo se\u00f1alado, en el \u00c1rea de Gesti\u00f3n Administrativa de Asistencia al Estudiante de Grado de esta Universidad, situada en la 1\u00aa planta del Edificio 18 \u201cJos\u00e9 Celestino Mutis\u201d, de lunes a viernes en horario de 9:00 a 14:00 horas.<\/p>\n<p style=\"text-align: justify;\">Los interesados pueden llamar a los tel\u00e9fonos de informaci\u00f3n 954 34 93 00 y\u00a0 954 34 92 50 o enviar un email a la direcci\u00f3n <a href=\"mailto:accesogrado@upo.es\">accesogrado@upo.es<\/a><\/p>\n<p style=\"text-align: justify;\">La realizaci\u00f3n de las pruebas general y espec\u00edfica para mayores de 25 a\u00f1os est\u00e1 fijada para los <b>d\u00edas 21 y 22 de abril<\/b>, respectivamente. Por otra parte, el 28 de abril se har\u00e1n p\u00fablicos los listados con las calificaciones provisionales.<\/p>\n<p style=\"text-align: justify;\">Por su parte, los mayores de 45 a\u00f1os realizar\u00e1n dos ex\u00e1menes el <b>d\u00eda 21 de abril<\/b>. La primera prueba es un comentario de texto o el desarrollo de un tema de actualidad, y la segunda es una prueba de lengua castellana. El 28 de abril se har\u00e1n p\u00fablicos los resultados de esta primera fase y se citar\u00e1n a quienes la hayan superado a una entrevista personal.<span style=\"text-decoration: line-through;\" data-mce-mark=\"1\"><br \/>\n<\/span><\/p>\n<p><b>M\u00e1s informaci\u00f3n: <\/b><\/p>\n<p><a href=\"https:\/\/www.upo.es\/asistencia-estudiante\/acceso-admision\/acceso\/mayores-25\/\">https:\/\/www.upo.es\/asistencia-estudiante\/acceso-admision\/acceso\/mayores-25\/<\/a><\/p>\n<p><a href=\"https:\/\/www.upo.es\/asistencia-estudiante\/acceso-admision\/acceso\/mayores-de-45\/\">https:\/\/www.upo.es\/asistencia-estudiante\/acceso-admision\/acceso\/mayores-de-45\/<\/a><\/p>\n<p><a href=\"http:\/\/www.juntadeandalucia.es\/economiainnovacioncienciayempleo\/sguit\">http:\/\/www.juntadeandalucia.es\/economiainnovacioncienciayempleo\/sguit<\/a><\/p>\n<p>&nbsp;<\/p>\n<p>&nbsp;<\/p>\n","protected":false},"excerpt":{"rendered":"<p>La Universidad Pablo de Olavide abre hoy mi\u00e9rcoles 1 de marzo el plazo de inscripci\u00f3n a las Pruebas de Acceso a la Universidad para Mayores de 25 a\u00f1os y para Mayores de 45 a\u00f1os, que concluir\u00e1 el d\u00eda 17 de marzo de 2017. <\/p>\n","protected":false},"author":4,"featured_media":0,"comment_status":"closed","ping_status":"open","sticky":false,"template":"","format":"standard","meta":{"_monsterinsights_skip_tracking":false,"_monsterinsights_sitenote_active":false,"_monsterinsights_sitenote_note":"","_monsterinsights_sitenote_category":0,"footnotes":""},"categories":[6],"tags":[3208,3209,3905],"class_list":["post-18618408","post","type-post","status-publish","format-standard","hentry","category-institucional","tag-mayores-de-25-anos","tag-mayores-de-45-anos","tag-pruebas"],"_links":{"self":[{"href":"https:\/\/www.upo.es\/diario\/wp-json\/wp\/v2\/posts\/18618408","targetHints":{"allow":["GET"]}}],"collection":[{"href":"https:\/\/www.upo.es\/diario\/wp-json\/wp\/v2\/posts"}],"about":[{"href":"https:\/\/www.upo.es\/diario\/wp-json\/wp\/v2\/types\/post"}],"author":[{"embeddable":true,"href":"https:\/\/www.upo.es\/diario\/wp-json\/wp\/v2\/users\/4"}],"replies":[{"embeddable":true,"href":"https:\/\/www.upo.es\/diario\/wp-json\/wp\/v2\/comments?post=18618408"}],"version-history":[{"count":8,"href":"https:\/\/www.upo.es\/diario\/wp-json\/wp\/v2\/posts\/18618408\/revisions"}],"predecessor-version":[{"id":18776629,"href":"https:\/\/www.upo.es\/diario\/wp-json\/wp\/v2\/posts\/18618408\/revisions\/18776629"}],"wp:attachment":[{"href":"https:\/\/www.upo.es\/diario\/wp-json\/wp\/v2\/media?parent=18618408"}],"wp:term":[{"taxonomy":"category","embeddable":true,"href":"https:\/\/www.upo.es\/diario\/wp-json\/wp\/v2\/categories?post=18618408"},{"taxonomy":"post_tag","embeddable":true,"href":"https:\/\/www.upo.es\/diario\/wp-json\/wp\/v2\/tags?post=18618408"}],"curies":[{"name":"wp","href":"https:\/\/api.w.org\/{rel}","templated":true}]}}