{"id":18662360,"date":"2017-03-01T00:44:58","date_gmt":"2017-03-01T00:44:58","guid":{"rendered":"https:\/\/www.upo.es\/diario\/?p=18662360"},"modified":"2017-03-02T08:18:57","modified_gmt":"2017-03-02T08:18:57","slug":"presentacion-del-libro-arte-desde-una-perspectiva-sociologica-experiencias-sobre-arte-politica-y-sociedad","status":"publish","type":"post","link":"https:\/\/www.upo.es\/diario\/cultura\/2017\/03\/presentacion-del-libro-arte-desde-una-perspectiva-sociologica-experiencias-sobre-arte-politica-y-sociedad\/","title":{"rendered":"Presentaci\u00f3n del libro \u00abArte desde una perspectiva sociol\u00f3gica. Experiencias sobre arte, pol\u00edtica y sociedad\u00bb"},"content":{"rendered":"<p style=\"text-align: justify;\"><a href=\"https:\/\/www.upo.es\/diario\/wp-content\/uploads\/2017\/03\/portada-sociologia-opcion-2-copia.jpg\"><img loading=\"lazy\" decoding=\"async\" class=\"alignright size-medium wp-image-18663273\" alt=\"portada sociologia opcion 2 - copia\" src=\"https:\/\/www.upo.es\/diario\/wp-content\/uploads\/2017\/03\/portada-sociologia-opcion-2-copia-213x320.jpg\" width=\"213\" height=\"320\" srcset=\"https:\/\/www.upo.es\/diario\/wp-content\/uploads\/2017\/03\/portada-sociologia-opcion-2-copia-213x320.jpg 213w, https:\/\/www.upo.es\/diario\/wp-content\/uploads\/2017\/03\/portada-sociologia-opcion-2-copia-400x600.jpg 400w, https:\/\/www.upo.es\/diario\/wp-content\/uploads\/2017\/03\/portada-sociologia-opcion-2-copia-600x898.jpg 600w, https:\/\/www.upo.es\/diario\/wp-content\/uploads\/2017\/03\/portada-sociologia-opcion-2-copia.jpg 1961w\" sizes=\"auto, (max-width: 213px) 100vw, 213px\" \/><\/a>Hoy jueves 1 de marzo, a las 19:30 horas en el espacio sociocultural \u201cEl Entramado\u201d (edificio 42) de la Universidad Pablo de Olavide, \u00a0tendr\u00e1 lugar la presentaci\u00f3n del libro\u00a0<b>\u201cArte desde una perspectiva sociol\u00f3gica. Experiencias sobre arte, pol\u00edtica y sociedad\u201d<\/b>, a cargo de su autor Juan Ram\u00f3n Barbancho, investigador y ensayista en Arte Contempor\u00e1neo.<\/p>\n<p style=\"text-align: justify;\">La obra sostiene una concepci\u00f3n del arte entendido como una red infinita de relaciones y conversaciones que incluye la denuncia\u00a0 y la cr\u00edtica social, visibilizando y mediando para resolver conflictos. De este modo, prevalece la noci\u00f3n de arte como un espacio para la experiencia, el intercambio y la reflexi\u00f3n, que anima y llama a la acci\u00f3n. Asimismo, analiza la relaci\u00f3n productor, obra y espectador y reflexiona sobre los diversos modelos de acci\u00f3n art\u00edstica emprendida dentro de lo real, favorecidos por el encuentro entre arte, activismo pol\u00edtico y acci\u00f3n comunitaria.<\/p>\n<p style=\"text-align: justify;\">Esta presentaci\u00f3n est\u00e1 organizada por el Vicerrectorado de Cultura y Compromiso Social de la UPO, a trav\u00e9s del Servicio de Extensi\u00f3n Cultural y se enmarca en el Proyecto Atalaya coordinado por la UPO \u201cArte y Compromiso. Experiencias para el Cambio Social\u201d, que cuenta con el apoyo y la financiaci\u00f3n de la\u00a0 Direcci\u00f3n General de Universidades de la Consejer\u00eda de Econom\u00eda y Conocimiento de la Junta de Andaluc\u00eda.<\/p>\n<p style=\"text-align: justify;\"><b>Juan Ram\u00f3n Barbancho<\/b> es doctor en Historia del Arte. Comisario independiente y ensayista. Miembro de la Sociedad espa\u00f1ola de Est\u00e9tica y Teor\u00eda de las Artes. Prometeo-investigador de la Secretar\u00eda Nacional de Ense\u00f1anza Superior de Ciencia, Tecnolog\u00eda e Innovaci\u00f3n, Ecuador. Ha trabajado en proyectos relacionados con el arte actual en diferentes pa\u00edses de Am\u00e9rica Latina como Argentina, Ecuador, Per\u00fa, Bolivia, M\u00e9xico, Cuba, Guatemala o Chile y en otros como Estados Unidos, Francia, Alemania, Italia o Israel. Su investigaci\u00f3n se centra en las relaciones y sinergias entre arte, pol\u00edtica y sociedad, asunto sobre el que ha comisariado exposiciones y realizado diferentes publicaciones.<\/p>\n","protected":false},"excerpt":{"rendered":"<p>Esta tarde a las 19:30 horas en el espacio sociocultural \u201cEl Entramado\u201d (edificio 42) de la Universidad Pablo de Olavide,  tendr\u00e1 lugar la presentaci\u00f3n del libro \u201cArte desde una perspectiva sociol\u00f3gica. Experiencias sobre arte, pol\u00edtica y sociedad\u201d, a cargo de su autor Juan Ram\u00f3n Barbancho, investigador y ensayista en Arte Contempor\u00e1neo. <\/p>\n","protected":false},"author":4,"featured_media":0,"comment_status":"closed","ping_status":"open","sticky":false,"template":"","format":"standard","meta":{"_monsterinsights_skip_tracking":false,"_monsterinsights_sitenote_active":false,"_monsterinsights_sitenote_note":"","_monsterinsights_sitenote_category":0,"footnotes":""},"categories":[7],"tags":[2370,94,3746,2667],"class_list":["post-18662360","post","type-post","status-publish","format-standard","hentry","category-cultura","tag-presentacion-libro","tag-proyecto-atalaya","tag-servicio-de-extension-cultural","tag-vicerrectorado-de-cultura-y-compromiso-social"],"_links":{"self":[{"href":"https:\/\/www.upo.es\/diario\/wp-json\/wp\/v2\/posts\/18662360","targetHints":{"allow":["GET"]}}],"collection":[{"href":"https:\/\/www.upo.es\/diario\/wp-json\/wp\/v2\/posts"}],"about":[{"href":"https:\/\/www.upo.es\/diario\/wp-json\/wp\/v2\/types\/post"}],"author":[{"embeddable":true,"href":"https:\/\/www.upo.es\/diario\/wp-json\/wp\/v2\/users\/4"}],"replies":[{"embeddable":true,"href":"https:\/\/www.upo.es\/diario\/wp-json\/wp\/v2\/comments?post=18662360"}],"version-history":[{"count":2,"href":"https:\/\/www.upo.es\/diario\/wp-json\/wp\/v2\/posts\/18662360\/revisions"}],"predecessor-version":[{"id":18680598,"href":"https:\/\/www.upo.es\/diario\/wp-json\/wp\/v2\/posts\/18662360\/revisions\/18680598"}],"wp:attachment":[{"href":"https:\/\/www.upo.es\/diario\/wp-json\/wp\/v2\/media?parent=18662360"}],"wp:term":[{"taxonomy":"category","embeddable":true,"href":"https:\/\/www.upo.es\/diario\/wp-json\/wp\/v2\/categories?post=18662360"},{"taxonomy":"post_tag","embeddable":true,"href":"https:\/\/www.upo.es\/diario\/wp-json\/wp\/v2\/tags?post=18662360"}],"curies":[{"name":"wp","href":"https:\/\/api.w.org\/{rel}","templated":true}]}}