{"id":18776624,"date":"2017-03-06T05:28:30","date_gmt":"2017-03-06T05:28:30","guid":{"rendered":"https:\/\/www.upo.es\/diario\/?p=18776624"},"modified":"2017-03-06T14:29:12","modified_gmt":"2017-03-06T14:29:12","slug":"la-universidad-pablo-de-olavide-acoge-las-fotografias-ganadoras-del-certamen-contemporarte-2016","status":"publish","type":"post","link":"https:\/\/www.upo.es\/diario\/cultura\/2017\/03\/la-universidad-pablo-de-olavide-acoge-las-fotografias-ganadoras-del-certamen-contemporarte-2016\/","title":{"rendered":"La Universidad Pablo de Olavide acoge las fotograf\u00edas ganadoras del certamen \u2018Contemporarte 2016\u2019"},"content":{"rendered":"<figure id=\"attachment_18776626\" aria-describedby=\"caption-attachment-18776626\" style=\"width: 600px\" class=\"wp-caption aligncenter\"><a href=\"https:\/\/www.upo.es\/diario\/wp-content\/uploads\/2017\/03\/Contemporarte-2016_05.jpg\"><img loading=\"lazy\" decoding=\"async\" class=\"size-large wp-image-18776626\" alt=\"Las fotograf\u00edas premiadas podr\u00e1n verse hasta el 31 de marzo, de 8.30 a 21 horas.\" src=\"https:\/\/www.upo.es\/diario\/wp-content\/uploads\/2017\/03\/Contemporarte-2016_05-600x337.jpg\" width=\"600\" height=\"337\" srcset=\"https:\/\/www.upo.es\/diario\/wp-content\/uploads\/2017\/03\/Contemporarte-2016_05-600x337.jpg 600w, https:\/\/www.upo.es\/diario\/wp-content\/uploads\/2017\/03\/Contemporarte-2016_05-320x180.jpg 320w\" sizes=\"auto, (max-width: 600px) 100vw, 600px\" \/><\/a><figcaption id=\"caption-attachment-18776626\" class=\"wp-caption-text\">Las fotograf\u00edas premiadas podr\u00e1n verse hasta el 31 de marzo, de 8.30 a 21 horas.<\/figcaption><\/figure>\n<p>Desde hoy lunes 6 de marzo pueden visitarse en el \u00e1rea de exposiciones de la Biblioteca de la Universidad Pablo de Olavide las fotograf\u00edas ganadoras de<strong> \u2018Contemporarte 2016\u2019, VIII edici\u00f3n<\/strong> de este certamen de creaci\u00f3n art\u00edstica organizado por la Universidad de Huelva en colaboraci\u00f3n con el resto de universidades p\u00fablicas andaluzas a trav\u00e9s del Proyecto Atalaya. <strong>Las fotograf\u00edas premiadas podr\u00e1n verse hasta el 31 de marzo, de 8.30 a 21 horas.<\/strong><\/p>\n<p>Como novedad en la edici\u00f3n 2016, se invit\u00f3 tambi\u00e9n a participar al resto de universidades espa\u00f1olas, as\u00ed como a las comunidades universitarias de Portugal, Irlanda y Uruguay. El jurado, formado por los fot\u00f3grafos profesionales Juli\u00e1n P\u00e9rez Y\u00e1\u00f1ez, Mois\u00e9s Fern\u00e1ndez Acosta, David Jim\u00e9nez y Juli\u00e1n Ochoa, y los gestores culturales de las Universidades de Huelva y C\u00e1diz, decidi\u00f3 por unanimidad premiar a:<\/p>\n<p><i>Ficci\u00f3n,<\/i> de Constanza Araya Valenzuela (UCM)<\/p>\n<p><i>Ancianos dependientes<\/i>, de Lorena Varela V\u00e1zquez (UPC)<\/p>\n<p><i>La Espera y Mitosis<\/i>, de Pablo Pineda Ballester (Univ. La Laguna)<\/p>\n<p><i>Powered by Arrogance<\/i>, de Borja Alc\u00e1zar Rodr\u00edguez (UGR)<\/p>\n<p><i>Sur<\/i>, de Diego Cabello Pozo (UCO)<\/p>\n<p>The fog \/ La niebla, de Manuel Casellas Soria (US)<\/p>\n<p><i>Recuerdos<\/i>, de Elena Lenguas Silva (UNED)<\/p>\n<p><i>Habitat_01<\/i>, de David Villalba D\u00edaz (UMA)<\/p>\n<p><i>Reconstruction II<\/i>, de M\u00aa Jos\u00e9 Mac\u00edas Bermejo (UMA)<\/p>\n<p><i>Casas de papel<\/i>, de Juan Jos\u00e9 Jim\u00e9nez L\u00f3pez (US)<\/p>\n<p>Las obras pasan a formar parte del patrimonio art\u00edstico de las universidades andaluzas, siendo los propios artistas quienes tasan sus obras. Contemporarte forma parte de las iniciativas del Proyecto Atalaya para la promoci\u00f3n de la creaci\u00f3n art\u00edstica y de j\u00f3venes talentos en las universidades p\u00fablicas andaluzas. El programa cuenta con el apoyo de la a Direcci\u00f3n General de Universidades de la Junta de Andaluc\u00eda.<\/p>\n<p>&nbsp;<\/p>\n","protected":false},"excerpt":{"rendered":"<p>Desde el lunes 6 de marzo pueden visitarse en el \u00e1rea de exposiciones de la Biblioteca de la Universidad Pablo de Olavide las fotograf\u00edas ganadoras de \u2018Contemporarte 2016\u2019, VIII edici\u00f3n de este certamen de creaci\u00f3n art\u00edstica organizado por la Universidad de Huelva en colaboraci\u00f3n con el resto de universidades p\u00fablicas andaluzas a trav\u00e9s del Proyecto Atalaya. Las fotograf\u00edas premiadas podr\u00e1n verse hasta el 31 de marzo, de 8.30 a 21 horas. <\/p>\n","protected":false},"author":6,"featured_media":0,"comment_status":"closed","ping_status":"open","sticky":false,"template":"","format":"standard","meta":{"_monsterinsights_skip_tracking":false,"_monsterinsights_sitenote_active":false,"_monsterinsights_sitenote_note":"","_monsterinsights_sitenote_category":0,"footnotes":""},"categories":[7],"tags":[190,59,2162,21,74,60,94,39],"class_list":["post-18776624","post","type-post","status-publish","format-standard","hentry","category-cultura","tag-andalucia","tag-concurso","tag-contemporarte","tag-estudiantes","tag-exposiciones","tag-fotografia","tag-proyecto-atalaya","tag-universidades"],"_links":{"self":[{"href":"https:\/\/www.upo.es\/diario\/wp-json\/wp\/v2\/posts\/18776624","targetHints":{"allow":["GET"]}}],"collection":[{"href":"https:\/\/www.upo.es\/diario\/wp-json\/wp\/v2\/posts"}],"about":[{"href":"https:\/\/www.upo.es\/diario\/wp-json\/wp\/v2\/types\/post"}],"author":[{"embeddable":true,"href":"https:\/\/www.upo.es\/diario\/wp-json\/wp\/v2\/users\/6"}],"replies":[{"embeddable":true,"href":"https:\/\/www.upo.es\/diario\/wp-json\/wp\/v2\/comments?post=18776624"}],"version-history":[{"count":2,"href":"https:\/\/www.upo.es\/diario\/wp-json\/wp\/v2\/posts\/18776624\/revisions"}],"predecessor-version":[{"id":18776627,"href":"https:\/\/www.upo.es\/diario\/wp-json\/wp\/v2\/posts\/18776624\/revisions\/18776627"}],"wp:attachment":[{"href":"https:\/\/www.upo.es\/diario\/wp-json\/wp\/v2\/media?parent=18776624"}],"wp:term":[{"taxonomy":"category","embeddable":true,"href":"https:\/\/www.upo.es\/diario\/wp-json\/wp\/v2\/categories?post=18776624"},{"taxonomy":"post_tag","embeddable":true,"href":"https:\/\/www.upo.es\/diario\/wp-json\/wp\/v2\/tags?post=18776624"}],"curies":[{"name":"wp","href":"https:\/\/api.w.org\/{rel}","templated":true}]}}