{"id":18797103,"date":"2017-03-07T12:13:36","date_gmt":"2017-03-07T12:13:36","guid":{"rendered":"https:\/\/www.upo.es\/diario\/?p=18797103"},"modified":"2017-03-07T12:13:36","modified_gmt":"2017-03-07T12:13:36","slug":"musica-degustaciones-clase-de-zumba-y-actividades-para-los-mas-pequenos-en-la-iii-carrera-popular-de-la-upo","status":"publish","type":"post","link":"https:\/\/www.upo.es\/diario\/deportes\/2017\/03\/musica-degustaciones-clase-de-zumba-y-actividades-para-los-mas-pequenos-en-la-iii-carrera-popular-de-la-upo\/","title":{"rendered":"M\u00fasica, degustaciones, clase de zumba y actividades para los m\u00e1s peque\u00f1os en la III Carrera Popular de la UPO"},"content":{"rendered":"<figure id=\"attachment_18797105\" aria-describedby=\"caption-attachment-18797105\" style=\"width: 600px\" class=\"wp-caption aligncenter\"><a href=\"https:\/\/www.upo.es\/diario\/wp-content\/uploads\/2017\/03\/Carrera-Popular1.jpg\"><img loading=\"lazy\" decoding=\"async\" class=\"size-large wp-image-18797105\" alt=\"La Carrera Popular de la anterior edici\u00f3n\" src=\"https:\/\/www.upo.es\/diario\/wp-content\/uploads\/2017\/03\/Carrera-Popular1-600x400.jpg\" width=\"600\" height=\"400\" srcset=\"https:\/\/www.upo.es\/diario\/wp-content\/uploads\/2017\/03\/Carrera-Popular1-600x400.jpg 600w, https:\/\/www.upo.es\/diario\/wp-content\/uploads\/2017\/03\/Carrera-Popular1-320x213.jpg 320w, https:\/\/www.upo.es\/diario\/wp-content\/uploads\/2017\/03\/Carrera-Popular1.jpg 1584w\" sizes=\"auto, (max-width: 600px) 100vw, 600px\" \/><\/a><figcaption id=\"caption-attachment-18797105\" class=\"wp-caption-text\">La Carrera Popular de la anterior edici\u00f3n<\/figcaption><\/figure>\n<p style=\"text-align: justify;\">La Universidad Pablo de Olavide, a trav\u00e9s del Servicio de Deportes y la Fundaci\u00f3n UPO, celebrar\u00e1 el pr\u00f3ximo 25 de marzo la III Carrera Popular Universidad Pablo de Olavide bajo el lema \u201c20 a\u00f1os de conocimiento, 250 a\u00f1os de historia\u201d.<\/p>\n<p style=\"text-align: justify;\">La III Carrera Popular, cuya salida y meta estar\u00e1n situadas en la Plaza de Am\u00e9rica, dar\u00e1 comienzo a las 11,00 horas y tendr\u00e1 un recorrido de ocho kil\u00f3metros. Los participantes contar\u00e1n con servicio de guardarropa y avituallamiento gratuitos durante el recorrido y en la zona de meta. Adem\u00e1s, se contar\u00e1 con monitores especializados que realizar\u00e1n actividades con los m\u00e1s peque\u00f1os que acudan a este evento acompa\u00f1ados de sus padres.<\/p>\n<p style=\"text-align: justify;\">Posteriormente, tanto los corredores como sus acompa\u00f1antes podr\u00e1n disfrutar de la fiesta \u2018After running\u2019, un lugar de ocio en el que se entregar\u00e1n los trofeos a los mejores participantes, se celebrar\u00e1 una m\u00e1ster class de zumba y donde se podr\u00e1n degustar diferentes productos. Todo ello con la animaci\u00f3n del showman Arturo de Alan\u00eds y la m\u00fasica en directo de la banda callejera \u2018El combo de la Bernarda\u2019.<\/p>\n<p style=\"text-align: justify;\">Las categor\u00edas en las que se competir\u00e1n, tanto masculinas y femeninas, ser\u00e1n las siguientes: categor\u00eda veteranos (para inscritos nacidos en 1971 o anteriores); categor\u00eda absoluta (para inscritos nacidos entre los a\u00f1os 1972 y 2001, ambos inclusive); categor\u00eda alumnos UPO (para los estudiantes de grado, postgrado y doctorado); categor\u00eda PDI UPO (personal docente e investigador de la Universidad Pablo de Olavide); categor\u00eda administraci\u00f3n y servicios de la UPO\/FUPO (personal de administraci\u00f3n y servicios de la Universidad Pablo de Olavide y de la Fundaci\u00f3n, as\u00ed como el personal de empresas externas que trabaja en la Universidad y la Fundaci\u00f3n UPO, como seguridad, limpieza, mantenimiento\u2026) y categor\u00eda clubes\/entidades, para los clubes o entidades que m\u00e1s participantes inscriban en la carrera (exentas las entidades de la comunidad universitaria de la UPO).<\/p>\n<p style=\"text-align: justify;\">Habr\u00e1 trofeo para el primer clasificado de cada categor\u00eda y medalla para el segundo y tercer clasificado, as\u00ed como cheques regalo de distintas entidades colaboradoras. Adem\u00e1s, se premiar\u00e1 al club que inscriba m\u00e1s participantes, a la facultad de la UPO con mayor n\u00famero de inscritos y a los corredores de mayor edad.<\/p>\n<p style=\"text-align: justify;\">La inscripci\u00f3n a la carrera tendr\u00e1 un coste de cinco euros. Con la inscripci\u00f3n, a cada participante se le har\u00e1 entrega de una bolsa del corredor, que incluye: camiseta t\u00e9cnica, braga de cuello y dorsal personalizado, cronometraje con chip gestionado por Dorsal Chip y seguro individual. Un euro de cada inscripci\u00f3n se destinar\u00e1 al Banco de Alimentos de Sevilla.<\/p>\n<p style=\"text-align: justify;\">Los dorsales ir\u00e1n personalizados con el nombre, siempre y cuando la inscripci\u00f3n se reciba antes del mi\u00e9rcoles 15 de marzo a las 08,00 horas, mientras que la fecha de cierre de inscripciones ser\u00e1 el mi\u00e9rcoles 22 de marzo a las 14,59 horas.<\/p>\n<p style=\"text-align: justify;\">La recogida de los dorsales con chip y la bolsa del corredor se podr\u00e1 realizarse desde el lunes 20 al viernes 24 en las oficinas del Servicio de Deportes de la Universidad Pablo de Olavide Edificio 18, Celestino Mutis). El horario de recogida ser\u00e1 de 9 a 14 horas y de 16 a 20 horas.<\/p>\n<p style=\"text-align: justify;\">Todo aquel que quiera participar en esta cita puede inscribirse a trav\u00e9s de la web del Servicio de Deportes de la Universidad Pablo de Olavide: <a href=\"file:\/\/\/C:\/AppData\/Local\/Temp\/www.upo.es\/sdupo\">www.upo.es\/sdupo<\/a>.<\/p>\n<p>_______________________________________________________________________________<\/p>\n<p align=\"center\"><b>\u00a0<\/b><\/p>\n<p align=\"center\"><b>III CARRERA POPULAR DE LA UNIVERSIDAD PABLO DE OLAVIDE<\/b><b>\u00a0<\/b><\/p>\n<p align=\"center\"><b>ENTIDADES ORGANIZADORAS<\/b><\/p>\n<p align=\"center\"><b>\u00a0<\/b><\/p>\n<p><b>\u00a0<\/b><\/p>\n<p>Universidad Pablo de Olavide<\/p>\n<p>Fundaci\u00f3n Universidad Pablo de Olavide<\/p>\n<p>Fundaci\u00f3n de Municipios Pablo de Olavide<\/p>\n<p align=\"center\"><b>\u00a0<\/b><\/p>\n<p align=\"center\"><b>ENTIDADES PATROCINADORAS Y COLABORADORAS<\/b><\/p>\n<p>Fundaci\u00f3n Cajasol<\/p>\n<p>Metro de Sevilla<\/p>\n<p>Ayuntamiento de Dos Hermanas<\/p>\n<p>Consejer\u00eda de Turismo y Deporte. Junta de Andaluc\u00eda<\/p>\n<p>Diputaci\u00f3n de Sevilla<\/p>\n<p>Fundaci\u00f3n Cruzcampo<\/p>\n<p>Cabify<\/p>\n<p>Coca-cola<\/p>\n<p>Estadio Deportivo<\/p>\n<p>El Correo de Andaluc\u00eda<\/p>\n<p>Cadena Ser<\/p>\n<p>Europa FM<\/p>\n<p>Diario de Sevilla<\/p>\n<p>ABC<\/p>\n<p>El Desmarque<\/p>\n<p>El Corte Ingl\u00e9s<\/p>\n<p>Viva Sevilla<\/p>\n<p>Carrefour<\/p>\n<p>Artigama<\/p>\n<p>Grupo Ybarra<\/p>\n<p>Arjona Porcel<\/p>\n<p>I+D Running<\/p>\n<p>Rosalud<\/p>\n<p>Fam Sport<\/p>\n<p>Radio Cantillana<\/p>\n<p>Dos Hermanas Digital<\/p>\n<p>Aossa Sport<\/p>\n<p>Instituto Municipal de Deportes de Sevilla<\/p>\n","protected":false},"excerpt":{"rendered":"<p>La Universidad Pablo de Olavide, a trav\u00e9s del Servicio de Deportes y la Fundaci\u00f3n UPO, celebrar\u00e1 el pr\u00f3ximo 25 de marzo la III Carrera Popular Universidad Pablo de Olavide bajo el lema \u201c20 a\u00f1os de conocimiento, 250 a\u00f1os de historia\u201d.<\/p>\n","protected":false},"author":4,"featured_media":0,"comment_status":"closed","ping_status":"open","sticky":false,"template":"","format":"standard","meta":{"_monsterinsights_skip_tracking":false,"_monsterinsights_sitenote_active":false,"_monsterinsights_sitenote_note":"","_monsterinsights_sitenote_category":0,"footnotes":""},"categories":[30],"tags":[3867,2238,3912,492],"class_list":["post-18797103","post","type-post","status-publish","format-standard","hentry","category-deportes","tag-banco-de-alimentos-de-sevilla","tag-carrera-popular","tag-fundacion-upo","tag-servicio-de-deportes"],"_links":{"self":[{"href":"https:\/\/www.upo.es\/diario\/wp-json\/wp\/v2\/posts\/18797103","targetHints":{"allow":["GET"]}}],"collection":[{"href":"https:\/\/www.upo.es\/diario\/wp-json\/wp\/v2\/posts"}],"about":[{"href":"https:\/\/www.upo.es\/diario\/wp-json\/wp\/v2\/types\/post"}],"author":[{"embeddable":true,"href":"https:\/\/www.upo.es\/diario\/wp-json\/wp\/v2\/users\/4"}],"replies":[{"embeddable":true,"href":"https:\/\/www.upo.es\/diario\/wp-json\/wp\/v2\/comments?post=18797103"}],"version-history":[{"count":2,"href":"https:\/\/www.upo.es\/diario\/wp-json\/wp\/v2\/posts\/18797103\/revisions"}],"predecessor-version":[{"id":18797108,"href":"https:\/\/www.upo.es\/diario\/wp-json\/wp\/v2\/posts\/18797103\/revisions\/18797108"}],"wp:attachment":[{"href":"https:\/\/www.upo.es\/diario\/wp-json\/wp\/v2\/media?parent=18797103"}],"wp:term":[{"taxonomy":"category","embeddable":true,"href":"https:\/\/www.upo.es\/diario\/wp-json\/wp\/v2\/categories?post=18797103"},{"taxonomy":"post_tag","embeddable":true,"href":"https:\/\/www.upo.es\/diario\/wp-json\/wp\/v2\/tags?post=18797103"}],"curies":[{"name":"wp","href":"https:\/\/api.w.org\/{rel}","templated":true}]}}