{"id":18821278,"date":"2017-03-08T08:40:33","date_gmt":"2017-03-08T08:40:33","guid":{"rendered":"https:\/\/www.upo.es\/diario\/?p=18821278"},"modified":"2017-03-10T08:46:40","modified_gmt":"2017-03-10T08:46:40","slug":"los-estados-usan-el-ciberespacio-para-proyectar-el-poder-y-apoyar-las-acciones-militares-segun-guillen-colom","status":"publish","type":"post","link":"https:\/\/www.upo.es\/diario\/docencia-formacion\/2017\/03\/los-estados-usan-el-ciberespacio-para-proyectar-el-poder-y-apoyar-las-acciones-militares-segun-guillen-colom\/","title":{"rendered":"\u00abLos estados usan el ciberespacio para proyectar el poder y apoyar las acciones militares\u00bb, seg\u00fan Guillen Colom"},"content":{"rendered":"<figure id=\"attachment_18822207\" aria-describedby=\"caption-attachment-18822207\" style=\"width: 320px\" class=\"wp-caption alignright\"><a href=\"https:\/\/www.upo.es\/diario\/wp-content\/uploads\/2017\/03\/Guillem-Colom.jpg\"><img loading=\"lazy\" decoding=\"async\" class=\"size-medium wp-image-18822207\" alt=\"Guillen Colom, profesor de la UPO y experto en ciberseguridad\" src=\"https:\/\/www.upo.es\/diario\/wp-content\/uploads\/2017\/03\/Guillem-Colom-320x201.jpg\" width=\"320\" height=\"201\" srcset=\"https:\/\/www.upo.es\/diario\/wp-content\/uploads\/2017\/03\/Guillem-Colom-320x201.jpg 320w, https:\/\/www.upo.es\/diario\/wp-content\/uploads\/2017\/03\/Guillem-Colom-600x378.jpg 600w, https:\/\/www.upo.es\/diario\/wp-content\/uploads\/2017\/03\/Guillem-Colom.jpg 1136w\" sizes=\"auto, (max-width: 320px) 100vw, 320px\" \/><\/a><figcaption id=\"caption-attachment-18822207\" class=\"wp-caption-text\">Guillen Colom, profesor de la UPO y experto en ciberseguridad<\/figcaption><\/figure>\n<p style=\"text-align: justify;\">El ciberespacio se ha convertido en un dominio de uso com\u00fan en la actualidad. Sin embargo, esta dimensi\u00f3n artificial, creada originalmente para fines militares y que proporciona importantes beneficios a nuestras sociedades, tambi\u00e9n se est\u00e1 convirtiendo en un campo para la ejecuci\u00f3n de actividades il\u00edcitas, criminales o militares. A pesar de las dificultades para comprender, catalogar y asimilar las operaciones que pueden desarrollarse en este medio, son muchos los actores, tanto estatales como no estatales, que est\u00e1n desarrollando capacidades, estrategias y pol\u00edticas para regular, controlar, operar o defender el ciberespacio.<\/p>\n<p style=\"text-align: justify;\"><strong>\u201cEn la actualidad, el ciberespacio se usa como arma, como elemento para realizar acciones militares. Los estados lo usan para proyectar el poder, apoyar las acciones militares, disuadir y saber m\u00e1s sobre otros estados, lo que les permite anteponerse o prever lo que pueda pasar\u201d, ha asegurado Guillem Colom, profesor de la UPO y experto en ciberseguridad<\/strong>. Colom es director de la primera edici\u00f3n del curso online \u201cCiberamenazas y ciberinteligencia\u201d que se imparte en la Universidad Pablo de Olavide y est\u00e1 gestionado por la Fundaci\u00f3n UPO.<\/p>\n<p style=\"text-align: justify;\">Precisamente, por su naturaleza, enfoque y caracter\u00edsticas, este curso \u201cno s\u00f3lo pretende llenar el vac\u00edo que existe actualmente en el \u00e1mbito universitario espa\u00f1ol en materia de ciberseguridad y ciberdefensa desde una perspectiva multidisciplinar, sino tambi\u00e9n satisfacer la creciente demanda, tanto profesional como acad\u00e9mica, de expertos en esta materia\u201d, asegura el profesor.<\/p>\n<p style=\"text-align: justify;\">En este sentido, el experto ha mostrado la importancia de la materia ya que \u201cpara minimizar amenazas, la ciberinteligencia p\u00fablica y privada se ha convertido en clave. Los Estados, las empresas y los ciudadanos est\u00e1n afectados por ella\u201d. Entre los temas que se abordar\u00e1n en el curso figuran el abordaje del ciberespacio en la pol\u00edtica internacional, la utilidad del ciberespacio para los servicios de informaci\u00f3n e inteligencia, las estrategias de viralizaci\u00f3n y radicalizaci\u00f3n masivas, las compa\u00f1\u00edas tecnol\u00f3gicas y los l\u00edmites de la libertad, el uso de cibermilicias como instrumentos de pol\u00edtica exterior\u2026<\/p>\n<p style=\"text-align: justify;\">En la actualidad, los ataques en el ciberespacio contra naciones, empresas transnacionales o grandes personalidades son cada d\u00eda m\u00e1s comunes en las portadas de los medios de comunicaci\u00f3n. Las nuevas tecnolog\u00edas con internet a la cabeza han dado lugar desde finales del pasado siglo a la sociedad de la informaci\u00f3n. Una sociedad interconectada a trav\u00e9s de la red, donde surgen nuevos riesgos y amenazas d\u00eda a d\u00eda. \u201cEl cibercrimen se ha convertido en el negocio il\u00edcito m\u00e1s lucrativo del mundo\u201d, asevera Colom.<\/p>\n<p style=\"text-align: justify;\">\u201cEn cualquier caso se han realizado mucho avances. En 2013, por ejemplo, se aprob\u00f3 la Estrategia Espa\u00f1ola de CiberSeguridad, se establecieron los pilares para la articulaci\u00f3n de un entramado nacional de ciberseguridad\u201d y en el caso de la Polic\u00eda y la Guardia Civil \u201ctambi\u00e9n operan en el ciberespacio para combatir cibercr\u00edmenes\u201d.<\/p>\n<p style=\"text-align: justify;\">El \u00e1mbito econ\u00f3mico tampoco es ajeno a la ciberseguridad y el ciberespionaje: \u201cLas empresas quieren saber lo que hacen sus competidores y, pudiendo utilizar t\u00e9cnicas pasivas e incluso intrusivas, pueden obtener informaci\u00f3n de los mismos\u201d, afirma el profesor de la UPO. Asimismo, \u201clas empresas quieren conocer los intereses y los distintos patrones de los consumidores, como por ejemplo Google que, m\u00e1s que ser un indexador, obtiene mucha informaci\u00f3n de nuestras b\u00fasquedas que permite perfilar los intereses de los consumidores\u201d, concluye.<\/p>\n","protected":false},"excerpt":{"rendered":"<p>\u201cEn la actualidad, el ciberespacio se usa como arma, como elemento para realizar acciones militares. Los estados lo usan para proyectar el poder, apoyar las acciones militares, disuadir y saber m\u00e1s sobre otros estados, lo que les permite anteponerse o prever lo que pueda pasar\u201d, ha asegurado Guillem Colom, profesor de la UPO y experto en ciberseguridad. Colom es director de la primera edici\u00f3n del curso online \u201cCiberamenazas y ciberinteligencia\u201d que se imparte en la Universidad Pablo de Olavide y est\u00e1 gestionado por la Fundaci\u00f3n UPO.<\/p>\n","protected":false},"author":4,"featured_media":0,"comment_status":"closed","ping_status":"open","sticky":false,"template":"","format":"standard","meta":{"_monsterinsights_skip_tracking":false,"_monsterinsights_sitenote_active":false,"_monsterinsights_sitenote_note":"","_monsterinsights_sitenote_category":0,"footnotes":""},"categories":[2779],"tags":[3929,141,3930,328,3912,3928],"class_list":["post-18821278","post","type-post","status-publish","format-standard","hentry","category-docencia-formacion","tag-ciberespacio","tag-curso","tag-curso-ciberamenazas-y-ciberintelingencia","tag-formacion-permanente","tag-fundacion-upo","tag-guillen-colom"],"_links":{"self":[{"href":"https:\/\/www.upo.es\/diario\/wp-json\/wp\/v2\/posts\/18821278","targetHints":{"allow":["GET"]}}],"collection":[{"href":"https:\/\/www.upo.es\/diario\/wp-json\/wp\/v2\/posts"}],"about":[{"href":"https:\/\/www.upo.es\/diario\/wp-json\/wp\/v2\/types\/post"}],"author":[{"embeddable":true,"href":"https:\/\/www.upo.es\/diario\/wp-json\/wp\/v2\/users\/4"}],"replies":[{"embeddable":true,"href":"https:\/\/www.upo.es\/diario\/wp-json\/wp\/v2\/comments?post=18821278"}],"version-history":[{"count":4,"href":"https:\/\/www.upo.es\/diario\/wp-json\/wp\/v2\/posts\/18821278\/revisions"}],"predecessor-version":[{"id":18862294,"href":"https:\/\/www.upo.es\/diario\/wp-json\/wp\/v2\/posts\/18821278\/revisions\/18862294"}],"wp:attachment":[{"href":"https:\/\/www.upo.es\/diario\/wp-json\/wp\/v2\/media?parent=18821278"}],"wp:term":[{"taxonomy":"category","embeddable":true,"href":"https:\/\/www.upo.es\/diario\/wp-json\/wp\/v2\/categories?post=18821278"},{"taxonomy":"post_tag","embeddable":true,"href":"https:\/\/www.upo.es\/diario\/wp-json\/wp\/v2\/tags?post=18821278"}],"curies":[{"name":"wp","href":"https:\/\/api.w.org\/{rel}","templated":true}]}}