{"id":18867913,"date":"2017-03-13T05:23:52","date_gmt":"2017-03-13T05:23:52","guid":{"rendered":"https:\/\/www.upo.es\/diario\/?p=18867913"},"modified":"2017-03-16T07:53:11","modified_gmt":"2017-03-16T07:53:11","slug":"jovenes-investigadores-del-barroco-iberoamericano-procedentes-de-16-paises-se-reunen-en-sevilla-desde-el-proximo-lunes","status":"publish","type":"post","link":"https:\/\/www.upo.es\/diario\/institucional\/2017\/03\/jovenes-investigadores-del-barroco-iberoamericano-procedentes-de-16-paises-se-reunen-en-sevilla-desde-el-proximo-lunes\/","title":{"rendered":"J\u00f3venes investigadores del Barroco iberoamericano procedentes de 16 pa\u00edses se re\u00fanen en Sevilla"},"content":{"rendered":"<figure id=\"attachment_18930447\" aria-describedby=\"caption-attachment-18930447\" style=\"width: 600px\" class=\"wp-caption aligncenter\"><a href=\"https:\/\/www.upo.es\/diario\/wp-content\/uploads\/2017\/03\/IIISimp-Jov-Inv-Barroco-Iberoamericano_2.jpg\"><img loading=\"lazy\" decoding=\"async\" class=\"size-large wp-image-18930447\" alt=\"Rosario Moreno, decana de la Facultad de Humanidades, ha presidido el acto de inauguraci\u00f3n del Simposio\" src=\"https:\/\/www.upo.es\/diario\/wp-content\/uploads\/2017\/03\/IIISimp-Jov-Inv-Barroco-Iberoamericano_2-600x337.jpg\" width=\"600\" height=\"337\" srcset=\"https:\/\/www.upo.es\/diario\/wp-content\/uploads\/2017\/03\/IIISimp-Jov-Inv-Barroco-Iberoamericano_2-600x337.jpg 600w, https:\/\/www.upo.es\/diario\/wp-content\/uploads\/2017\/03\/IIISimp-Jov-Inv-Barroco-Iberoamericano_2-320x180.jpg 320w\" sizes=\"auto, (max-width: 600px) 100vw, 600px\" \/><\/a><figcaption id=\"caption-attachment-18930447\" class=\"wp-caption-text\">Rosario Moreno, decana de la Facultad de Humanidades, ha presidido el acto de inauguraci\u00f3n del Simposio<\/figcaption><\/figure>\n<p>El lunes 13 comenz\u00f3 en la Universidad Pablo de Olavide el <strong>III Simposio Internacional de J\u00f3venes Investigadores del Barroco Iberoamericano<\/strong>. Bajo el lema<strong> \u2018No hay m\u00e1s que un mundo: globalizaci\u00f3n art\u00edstica y cultural\u2019<\/strong> el\u00a0 encuentro reuni\u00f3 en Sevilla durante tres d\u00edas a 146 investigadores de 16 pa\u00edses. El simposio<strong>\u00a0<\/strong>fue<strong>\u00a0<\/strong>\u00a0inaugurado en el Paraninfo por Rosario Moreno, decana de la Facultad de Humanidades; Fernando Quiles, profesor de Historia del Arte de la UPO y director del CeIBA; Antonio Guti\u00e9rrez, cient\u00edfico de la Escuela de Estudios Hispano-Americanos (CSIC); y las profesoras Mar\u00eda \u00c1ngeles Fern\u00e1ndez Valle (UPO), Carme L\u00f3pez (USC) e Inmaculada Rodr\u00edguez (UJI).<\/p>\n<p><strong><img loading=\"lazy\" decoding=\"async\" class=\"alignright size-medium wp-image-18867916\" alt=\"cropped-vista_de_sevilla_ok6\" src=\"https:\/\/www.upo.es\/diario\/wp-content\/uploads\/2017\/03\/cropped-vista_de_sevilla_ok6-320x151.jpg\" width=\"320\" height=\"151\" srcset=\"https:\/\/www.upo.es\/diario\/wp-content\/uploads\/2017\/03\/cropped-vista_de_sevilla_ok6-320x151.jpg 320w, https:\/\/www.upo.es\/diario\/wp-content\/uploads\/2017\/03\/cropped-vista_de_sevilla_ok6-600x284.jpg 600w, https:\/\/www.upo.es\/diario\/wp-content\/uploads\/2017\/03\/cropped-vista_de_sevilla_ok6.jpg 1500w\" sizes=\"auto, (max-width: 320px) 100vw, 320px\" \/>La tem\u00e1tica del Simposio giraba en torno a la globalizaci\u00f3n art\u00edstica y cultural vivida durante el Barroco y sus efectos en nuestro tiempo.<\/strong> Organizado en 24 mesas, durante el mismo se trataron temas fundamentales como el historiogr\u00e1fico, el comercio e intercambio art\u00edstico, las obras pict\u00f3ricas, escult\u00f3ricas, urbanas y arquitect\u00f3nicas, la fiesta y la m\u00fasica, los estudios de g\u00e9nero y las dos sesiones dedicadas a la obra de Bartolom\u00e9 Esteban Murillo, en un a\u00f1o tan destacado para la ciudad de Sevilla que conmemora los 400 a\u00f1os de su nacimiento.<\/p>\n<p>Investigadores de Historia del Arte, Patrimonio Cultural, Literatura, Historia, M\u00fasica y Filosof\u00eda procedentes de Portugal, Francia, Italia, B\u00e9lgica, Espa\u00f1a, M\u00e9xico, Guatemala, Nicaragua, Puerto Rico, Colombia, Per\u00fa, Ecuador, Brasil, Uruguay, Argentina y Chile se ocuparon de establecer las conexiones existentes entre los movimientos culturales y art\u00edsticos del Barroco iberoamericano, tanto en la edad moderna como en la continuidad temporal que pervive en nuestros d\u00edas, poniendo el \u00e9nfasis en los intercambios art\u00edsticos y culturales entre ambos lados del atl\u00e1ntico.<\/p>\n<p>El Simposio fue organizado conjuntamente por el <strong>Centro de Estudios del Barroco Iberoamericano (CeIBA)<\/strong> \u2013que naci\u00f3 a instancias de las universidades Pablo de Olavide, Santiago de Compostela y Jaume I de Castell\u00f3n\u2013, y la <strong>Escuela de Estudios Hispanoamericanos (CSIC)<\/strong> con el objetivo principal de promover la investigaci\u00f3n sobre el Barroco en el \u00e1mbito iberoamericano as\u00ed como apoyar a las j\u00f3venes generaciones de estudios de la materia. Fomentando adem\u00e1s el di\u00e1logo entre las diversas disciplinas que se implican en el estudio del Barroco. \u00a0El martes 14 el simposio se traslad\u00f3 al Real C\u00edrculo de Labradores y la Casa de la Provincia mientras que el mi\u00e9rcoles d\u00eda 15 las sesiones tuvieron lugar en la C\u00e1mara Oficial de Comercio, Industria y Navegaci\u00f3n, la Real Academia Sevillana de Buenas Letras, el Archivo de Indias, la Casa de la Provincia y la Universidad de Sevilla.<\/p>\n<p><strong>M\u00e1s informaci\u00f3n:<\/strong> <a href=\"https:\/\/jovenesceiba.com\/\">jovenesceiba.com<\/a><\/p>\n<p><a title=\"III Simposio Internacional de J\u00f3venes Investigadores del Barroco Iberoamericano\" href=\"https:\/\/www.flickr.com\/photos\/pablodeolavide\/albums\/72157681364671975\" data-flickr-embed=\"true\"><img loading=\"lazy\" decoding=\"async\" alt=\"III Simposio Internacional de J\u00f3venes Investigadores del Barroco Iberoamericano\" src=\"https:\/\/c1.staticflickr.com\/4\/3916\/32600506623_1f3bac0103_z.jpg\" width=\"640\" height=\"427\" \/><\/a><script charset=\"utf-8\" type=\"text\/javascript\" src=\"\/\/embedr.flickr.com\/assets\/client-code.js\" async=\"\"><\/script><\/p>\n","protected":false},"excerpt":{"rendered":"<p>El lunes 13 comenz\u00f3 en la Universidad Pablo de Olavide el III Simposio Internacional de J\u00f3venes Investigadores del Barroco Iberoamericano. Bajo el lema \u2018No hay m\u00e1s que un mundo: globalizaci\u00f3n art\u00edstica y cultural\u2019 el  encuentro reuni\u00f3 en Sevilla durante tres d\u00edas a 146 investigadores de 16 pa\u00edses. <\/p>\n","protected":false},"author":6,"featured_media":0,"comment_status":"closed","ping_status":"open","sticky":false,"template":"","format":"standard","meta":{"_monsterinsights_skip_tracking":false,"_monsterinsights_sitenote_active":false,"_monsterinsights_sitenote_note":"","_monsterinsights_sitenote_category":0,"footnotes":""},"categories":[6],"tags":[3933,2279,354,45,1037,2752,259,805,56,533,2368,3934,39],"class_list":["post-18867913","post","type-post","status-publish","format-standard","hentry","category-institucional","tag-ano-murillo","tag-barroco","tag-congreso","tag-csic","tag-escuela-de-estudios-hispano-americanos","tag-fernando-quiles","tag-area-de-historia-del-arte","tag-iberoamerica","tag-investigacion","tag-simposio","tag-universidad-de-santiago-de-compostela","tag-universidad-jaume-i","tag-universidades"],"_links":{"self":[{"href":"https:\/\/www.upo.es\/diario\/wp-json\/wp\/v2\/posts\/18867913","targetHints":{"allow":["GET"]}}],"collection":[{"href":"https:\/\/www.upo.es\/diario\/wp-json\/wp\/v2\/posts"}],"about":[{"href":"https:\/\/www.upo.es\/diario\/wp-json\/wp\/v2\/types\/post"}],"author":[{"embeddable":true,"href":"https:\/\/www.upo.es\/diario\/wp-json\/wp\/v2\/users\/6"}],"replies":[{"embeddable":true,"href":"https:\/\/www.upo.es\/diario\/wp-json\/wp\/v2\/comments?post=18867913"}],"version-history":[{"count":7,"href":"https:\/\/www.upo.es\/diario\/wp-json\/wp\/v2\/posts\/18867913\/revisions"}],"predecessor-version":[{"id":18951916,"href":"https:\/\/www.upo.es\/diario\/wp-json\/wp\/v2\/posts\/18867913\/revisions\/18951916"}],"wp:attachment":[{"href":"https:\/\/www.upo.es\/diario\/wp-json\/wp\/v2\/media?parent=18867913"}],"wp:term":[{"taxonomy":"category","embeddable":true,"href":"https:\/\/www.upo.es\/diario\/wp-json\/wp\/v2\/categories?post=18867913"},{"taxonomy":"post_tag","embeddable":true,"href":"https:\/\/www.upo.es\/diario\/wp-json\/wp\/v2\/tags?post=18867913"}],"curies":[{"name":"wp","href":"https:\/\/api.w.org\/{rel}","templated":true}]}}