{"id":1890492,"date":"2013-10-29T06:45:03","date_gmt":"2013-10-29T06:45:03","guid":{"rendered":"https:\/\/www.upo.es\/diario\/?p=1890492"},"modified":"2013-10-30T12:33:08","modified_gmt":"2013-10-30T12:33:08","slug":"profesores-del-poligono-sur-y-residentes-de-la-flora-tristan-recorren-ho-el-barrio-en-recogymka-2013-2","status":"publish","type":"post","link":"https:\/\/www.upo.es\/diario\/institucional\/2013\/10\/profesores-del-poligono-sur-y-residentes-de-la-flora-tristan-recorren-ho-el-barrio-en-recogymka-2013-2\/","title":{"rendered":"Profesores del Pol\u00edgono Sur y residentes de la Flora Trist\u00e1n recorren el barrio en \u00abRecogymka 2013\u00bb"},"content":{"rendered":"<figure id=\"attachment_1905630\" aria-describedby=\"caption-attachment-1905630\" style=\"width: 320px\" class=\"wp-caption alignright\"><a href=\"https:\/\/www.upo.es\/diario\/wp-content\/uploads\/2013\/10\/recogymka.jpg\"><img loading=\"lazy\" decoding=\"async\" class=\"size-medium wp-image-1905630\" alt=\"Durante las actividades de la &quot;Recogymka 2013&quot;\" src=\"https:\/\/www.upo.es\/diario\/wp-content\/uploads\/2013\/10\/recogymka-320x203.jpg\" width=\"320\" height=\"203\" srcset=\"https:\/\/www.upo.es\/diario\/wp-content\/uploads\/2013\/10\/recogymka-320x203.jpg 320w, https:\/\/www.upo.es\/diario\/wp-content\/uploads\/2013\/10\/recogymka-600x381.jpg 600w, https:\/\/www.upo.es\/diario\/wp-content\/uploads\/2013\/10\/recogymka.jpg 800w\" sizes=\"auto, (max-width: 320px) 100vw, 320px\" \/><\/a><figcaption id=\"caption-attachment-1905630\" class=\"wp-caption-text\">Pintada simb\u00f3lica en el muro del IES Antonio Dom\u00ednguez Ortiz<\/figcaption><\/figure>\n<p style=\"text-align: justify;\">Ayer martes 29 de octubre, \u00a0desde la residencia universitaria Flora Trist\u00e1n, profesores del Pol\u00edgono Sur y estudiantes universitarios de esta residencia universitaria y proyecto social de la Universidad Pablo de Olavide,\u00a0 participaron en \u2018Recogymka 2013\u2019, una actividad organizada por el <a href=\"http:\/\/www.poligonosursevilla.es\/\">Plan Integral del Pol\u00edgono Sur<\/a>, los centros educativos del barrio y la <a href=\"http:\/\/www.upo.es\/floratristan\/\">Residencia Flora Trist\u00e1n<\/a>. Dicha actividad, que iba a celebrarse el pasado martes 22 de octubre pero tuvo que ser aplazada por la lluvia, cont\u00f3 con la asistencia de la nueva Comisionada para el Pol\u00edgono Sur, Mar\u00eda del Mar Gonz\u00e1lez, y de la vicerrectora de Cultura, Participaci\u00f3n y Compromiso Social de la UPO, Elodia Hern\u00e1ndez, quienes estuvieron acompa\u00f1adas por el director de la residencia, Juan Blanco.<\/p>\n<p style=\"text-align: justify;\">El objetivo de <i>Recogymka<\/i> es que tanto profesorado como estudiantes de la Flora Trist\u00e1n conozcan la realidad de la zona donde habitan y trabajan, m\u00e1s all\u00e1 de las convenciones e ideas preconcebidas, y reflexionen conjuntamente sobre las posibilidades educativas del barrio. As\u00ed, durante el recorrido conocieron a sus habitantes, los espacios, recursos y oportunidades que ofrece el barrio, para as\u00ed poder planificar propuestas que lo potencien como espacio educativo.<\/p>\n<p style=\"text-align: justify;\">El grupo de becarios de la residencia, que\u00a0 colaboran con centros y entidades de la zona, salieron de la Flora Trist\u00e1n a las 15.30 horas para recoger al profesorado en sus centros y de ah\u00ed, divididos en diez grupos, comenzaron con el recorrido y la gymkana. Todos los grupos confluyeron el muro del IES Antonio Dom\u00ednguez Ortiz (C\/ Luis Ort\u00edz Mu\u00f1oz) para hacer una pintada simb\u00f3lica. El recorrido termin\u00f3 aproximadamente a las 18.30 horas, en la calle Madre Teresa de Calcuta, donde colgaron conclusiones de la experiencia y sus sue\u00f1os para cambiar la zona en los \u00e1rboles de dicha calle. Para finalizar, en el sal\u00f3n de actos de la residencia Flora Trist\u00e1n, se realiz\u00f3 una puesta en com\u00fan para compartir ideas y cerrar la jornada.<\/p>\n","protected":false},"excerpt":{"rendered":"<p>Ayer martes 29 de octubre,  desde la residencia universitaria Flora Trist\u00e1n, profesores del Pol\u00edgono Sur y estudiantes universitarios de esta residencia universitaria y proyecto social de la Universidad Pablo de Olavide,  participaron en \u2018Recogymka 2013\u2019, una actividad organizada por el Plan Integral del Pol\u00edgono Sur, los centros educativos del barrio y la Residencia Flora Trist\u00e1n. <\/p>\n","protected":false},"author":4,"featured_media":0,"comment_status":"closed","ping_status":"open","sticky":false,"template":"","format":"standard","meta":{"_monsterinsights_skip_tracking":false,"_monsterinsights_sitenote_active":false,"_monsterinsights_sitenote_note":"","_monsterinsights_sitenote_category":0,"footnotes":""},"categories":[6],"tags":[353,962,796],"class_list":["post-1890492","post","type-post","status-publish","format-standard","hentry","category-institucional","tag-flora-tristan","tag-gymkana","tag-residencia"],"_links":{"self":[{"href":"https:\/\/www.upo.es\/diario\/wp-json\/wp\/v2\/posts\/1890492","targetHints":{"allow":["GET"]}}],"collection":[{"href":"https:\/\/www.upo.es\/diario\/wp-json\/wp\/v2\/posts"}],"about":[{"href":"https:\/\/www.upo.es\/diario\/wp-json\/wp\/v2\/types\/post"}],"author":[{"embeddable":true,"href":"https:\/\/www.upo.es\/diario\/wp-json\/wp\/v2\/users\/4"}],"replies":[{"embeddable":true,"href":"https:\/\/www.upo.es\/diario\/wp-json\/wp\/v2\/comments?post=1890492"}],"version-history":[{"count":6,"href":"https:\/\/www.upo.es\/diario\/wp-json\/wp\/v2\/posts\/1890492\/revisions"}],"predecessor-version":[{"id":1896774,"href":"https:\/\/www.upo.es\/diario\/wp-json\/wp\/v2\/posts\/1890492\/revisions\/1896774"}],"wp:attachment":[{"href":"https:\/\/www.upo.es\/diario\/wp-json\/wp\/v2\/media?parent=1890492"}],"wp:term":[{"taxonomy":"category","embeddable":true,"href":"https:\/\/www.upo.es\/diario\/wp-json\/wp\/v2\/categories?post=1890492"},{"taxonomy":"post_tag","embeddable":true,"href":"https:\/\/www.upo.es\/diario\/wp-json\/wp\/v2\/tags?post=1890492"}],"curies":[{"name":"wp","href":"https:\/\/api.w.org\/{rel}","templated":true}]}}