{"id":18933266,"date":"2017-03-13T13:33:11","date_gmt":"2017-03-13T13:33:11","guid":{"rendered":"https:\/\/www.upo.es\/diario\/?p=18933266"},"modified":"2017-03-13T13:33:11","modified_gmt":"2017-03-13T13:33:11","slug":"la-upo-y-refractarios-alfran-firman-un-convenio-para-la-cooperacion-educativa-entre-ambas-entidades","status":"publish","type":"post","link":"https:\/\/www.upo.es\/diario\/institucional\/2017\/03\/la-upo-y-refractarios-alfran-firman-un-convenio-para-la-cooperacion-educativa-entre-ambas-entidades\/","title":{"rendered":"La UPO y Refractarios Alfran firman un convenio para la cooperaci\u00f3n educativa entre ambas entidades"},"content":{"rendered":"<figure id=\"attachment_18933271\" aria-describedby=\"caption-attachment-18933271\" style=\"width: 600px\" class=\"wp-caption aligncenter\"><a href=\"https:\/\/www.upo.es\/diario\/wp-content\/uploads\/2017\/03\/Conv-UPO-Alfran.jpg\"><img loading=\"lazy\" decoding=\"async\" class=\"size-large wp-image-18933271\" alt=\"Vicente Guzm\u00e1n y Jos\u00e9 Mar\u00eda Dom\u00ednguez tras la firma del convenio en el Rectorado de la UPO\" src=\"https:\/\/www.upo.es\/diario\/wp-content\/uploads\/2017\/03\/Conv-UPO-Alfran-600x400.jpg\" width=\"600\" height=\"400\" srcset=\"https:\/\/www.upo.es\/diario\/wp-content\/uploads\/2017\/03\/Conv-UPO-Alfran-600x400.jpg 600w, https:\/\/www.upo.es\/diario\/wp-content\/uploads\/2017\/03\/Conv-UPO-Alfran-320x213.jpg 320w\" sizes=\"auto, (max-width: 600px) 100vw, 600px\" \/><\/a><figcaption id=\"caption-attachment-18933271\" class=\"wp-caption-text\">Vicente Guzm\u00e1n y Jos\u00e9 Mar\u00eda Dom\u00ednguez tras la firma del convenio en el Rectorado de la UPO<\/figcaption><\/figure>\n<p>El rector de la Universidad Pablo de Olavide, <strong>Vicente Guzm\u00e1n Fluja<\/strong>, y el director general de Refractarios Alfran,<strong> Jos\u00e9 Mar\u00eda Dom\u00ednguez Ib\u00e1\u00f1ez<\/strong>, han firmado hoy en el Rectorado de la UPO un convenio de colaboraci\u00f3n promovido por el Vicerrectorado de Estrategia, Empleabilidad y Emprendimiento, <strong>con el objetivo de desarrollar labores conjuntas entre ambas instituciones en las \u00e1reas formativa y de investigaci\u00f3n, as\u00ed como actividades pr\u00e1cticas dirigidas al alumnado universitario<\/strong> que contribuyan a completar su formaci\u00f3n y a desarrollar su cualificaci\u00f3n profesional.<\/p>\n<p>Con la firma de hoy, ambas entidades establecen un marco de cooperaci\u00f3n educativa con el fin de regular un sistema de pr\u00e1cticas acad\u00e9micas externas para estudiantes universitarios de grado y m\u00e1ster. La UPO, a trav\u00e9s de su Fundaci\u00f3n hom\u00f3nima, y Refractarios Alfran quieren expresar su m\u00e1ximo inter\u00e9s en la formaci\u00f3n pr\u00e1ctica del alumnado, cuyo objetivo es permitir al estudiante aplicar y complementar los conocimientos adquiridos en su formaci\u00f3n acad\u00e9mica. De esta forma, se favorece la adquisici\u00f3n de competencias que le preparen para el ejercicio de actividades profesionales, facilitando su empleabilidad y fomentando su capacidad de emprendimiento.<\/p>\n<p>Tanto el rector de la Olavide como el director general de Alfran han mostrado su satisfacci\u00f3n tras la firma de este acuerdo. Vicente Guzm\u00e1n ha querido destacar el inter\u00e9s com\u00fan de ambas entidades en trabajar en innovaci\u00f3n y contribuir a hacer m\u00e1s fuerte el tejido econ\u00f3mico, social y cultural de su entorno. Por otra parte, el rector ha destacado la capacidad de investigaci\u00f3n de la UPO como v\u00eda para encontrar nuevas medidas de colaboraci\u00f3n con el trabajo que desarrolla Refractrios Alfran, ya que \u201cla crisis ha demostrado que el d\u00e9ficit de Espa\u00f1a y Andaluc\u00eda tiene que ver con la falta de conexi\u00f3n entre la universidad y el tejido industrial. Para nosotros es importante que la colaboraci\u00f3n entre universidad y empresa sea real porque s\u00f3lo as\u00ed se puede cambiar el modelo productivo. Estoy seguro que vamos a sacarle un fruto mayor del esperado a la colaboraci\u00f3n que hoy comienza,\u201d ha apostillado Vicente Guzm\u00e1n.<\/p>\n<p>Por su parte, Jos\u00e9 Mar\u00eda Dom\u00ednguez ha se\u00f1alado la importancia que Refractarios Alfran concede a la innovaci\u00f3n como valor diferenciador, motivo por el que la empresa entiende que con la firma de este convenio ganan ambas partes ya que \u201cla colaboraci\u00f3n entre la universidad y la empresa es un gran valor para la sociedad andaluza y nuestra mayor inversi\u00f3n siempre la hacemos en las personas\u201d.<\/p>\n<p>Refractarios Alfran S.A. es una empresa que desarrolla su labor en la comercializaci\u00f3n de refractarios, ignifugado, aislamientos y tratamientos t\u00e9rmicos, dedicada tambi\u00e9n a la fabricaci\u00f3n, instalaci\u00f3n e ingenier\u00eda de los mismos. Originaria de Sevilla, en la actualidad la organizaci\u00f3n tiene delegaciones en Brasil, M\u00e9xico, Colombia, Marruecos, Egipto y Arabia Saud\u00ed. Sus comienzos se remontan a 1914, cuando la empresa fundacional realiz\u00f3 la fabricaci\u00f3n de piezas cer\u00e1micas para la canalizaci\u00f3n de agua en Sevilla.<\/p>\n","protected":false},"excerpt":{"rendered":"<p>El rector Vicente Guzm\u00e1n y el director general de Refractarios Alfran, Jos\u00e9 Mar\u00eda Dom\u00ednguez, han firmado en el Rectorado de la UPO un convenio de colaboraci\u00f3n promovido por el Vicerrectorado de Estrategia, Empleabilidad y Emprendimiento, con el objetivo de desarrollar labores conjuntas entre ambas instituciones en las \u00e1reas formativa y de investigaci\u00f3n, as\u00ed como actividades pr\u00e1cticas dirigidas al alumnado universitario que contribuyan a completar su formaci\u00f3n y a desarrollar su cualificaci\u00f3n profesional. <\/p>\n","protected":false},"author":6,"featured_media":0,"comment_status":"closed","ping_status":"open","sticky":false,"template":"","format":"standard","meta":{"_monsterinsights_skip_tracking":false,"_monsterinsights_sitenote_active":false,"_monsterinsights_sitenote_note":"","_monsterinsights_sitenote_category":0,"footnotes":""},"categories":[6],"tags":[326,624,66,56,65,38,106],"class_list":["post-18933266","post","type-post","status-publish","format-standard","hentry","category-institucional","tag-convenio","tag-cooperacion","tag-empresa","tag-investigacion","tag-practicas","tag-rector","tag-vicente-c-guzman"],"_links":{"self":[{"href":"https:\/\/www.upo.es\/diario\/wp-json\/wp\/v2\/posts\/18933266","targetHints":{"allow":["GET"]}}],"collection":[{"href":"https:\/\/www.upo.es\/diario\/wp-json\/wp\/v2\/posts"}],"about":[{"href":"https:\/\/www.upo.es\/diario\/wp-json\/wp\/v2\/types\/post"}],"author":[{"embeddable":true,"href":"https:\/\/www.upo.es\/diario\/wp-json\/wp\/v2\/users\/6"}],"replies":[{"embeddable":true,"href":"https:\/\/www.upo.es\/diario\/wp-json\/wp\/v2\/comments?post=18933266"}],"version-history":[{"count":3,"href":"https:\/\/www.upo.es\/diario\/wp-json\/wp\/v2\/posts\/18933266\/revisions"}],"predecessor-version":[{"id":18933272,"href":"https:\/\/www.upo.es\/diario\/wp-json\/wp\/v2\/posts\/18933266\/revisions\/18933272"}],"wp:attachment":[{"href":"https:\/\/www.upo.es\/diario\/wp-json\/wp\/v2\/media?parent=18933266"}],"wp:term":[{"taxonomy":"category","embeddable":true,"href":"https:\/\/www.upo.es\/diario\/wp-json\/wp\/v2\/categories?post=18933266"},{"taxonomy":"post_tag","embeddable":true,"href":"https:\/\/www.upo.es\/diario\/wp-json\/wp\/v2\/tags?post=18933266"}],"curies":[{"name":"wp","href":"https:\/\/api.w.org\/{rel}","templated":true}]}}