{"id":1905624,"date":"2013-10-30T09:50:59","date_gmt":"2013-10-30T09:50:59","guid":{"rendered":"https:\/\/www.upo.es\/diario\/?p=1905624"},"modified":"2013-10-30T12:02:10","modified_gmt":"2013-10-30T12:02:10","slug":"visita-institucional-del-rector-de-la-unia-a-la-universidad-pablo-de-olavide","status":"publish","type":"post","link":"https:\/\/www.upo.es\/diario\/institucional\/2013\/10\/visita-institucional-del-rector-de-la-unia-a-la-universidad-pablo-de-olavide\/","title":{"rendered":"Visita institucional del rector de la UNIA a la Universidad Pablo de Olavide"},"content":{"rendered":"<figure id=\"attachment_1905625\" aria-describedby=\"caption-attachment-1905625\" style=\"width: 320px\" class=\"wp-caption alignright\"><a href=\"https:\/\/www.upo.es\/diario\/wp-content\/uploads\/2013\/10\/visita_rector_UNIA.jpg\"><img loading=\"lazy\" decoding=\"async\" class=\"size-medium wp-image-1905625\" alt=\"Eugenio Dom\u00ednguez (izquierda) y el rector de la UPO, Vicente Guzm\u00e1n\" src=\"https:\/\/www.upo.es\/diario\/wp-content\/uploads\/2013\/10\/visita_rector_UNIA-320x213.jpg\" width=\"320\" height=\"213\" srcset=\"https:\/\/www.upo.es\/diario\/wp-content\/uploads\/2013\/10\/visita_rector_UNIA-320x213.jpg 320w, https:\/\/www.upo.es\/diario\/wp-content\/uploads\/2013\/10\/visita_rector_UNIA-1024x682.jpg 1024w, https:\/\/www.upo.es\/diario\/wp-content\/uploads\/2013\/10\/visita_rector_UNIA-600x400.jpg 600w\" sizes=\"auto, (max-width: 320px) 100vw, 320px\" \/><\/a><figcaption id=\"caption-attachment-1905625\" class=\"wp-caption-text\">Eugenio Dom\u00ednguez (izquierda) y el rector de la UPO, Vicente Guzm\u00e1n<\/figcaption><\/figure>\n<p>El rector de la Universidad Internacional de Andaluc\u00eda,\u00a0<strong>Eugenio Dom\u00ednguez Vilches<\/strong>, ha realizado hoy una visita institucional a la Universidad Pablo de Olavide y se ha reunido con el rector de esta instituci\u00f3n,\u00a0<strong>Vicente Guzm\u00e1n<\/strong>. Durante el encuentro, los rectores de ambas universidades p\u00fablicas andaluzas han mostrado su disposici\u00f3n a seguir colaborando en proyectos conjuntos en materia de docencia e investigaci\u00f3n.<\/p>\n<p>Esta visita es de las primeras que realiza el rector de la UNIA a instituciones acad\u00e9micas. Eugenio Dom\u00ednguez tom\u00f3 posesi\u00f3n de su cargo el pasado 1 de octubre, y con esta ronda de visitas institucionales se expresa la voluntad del nuevo rector de la UNIA de acercar la universidad a otras instituciones -en este caso de educaci\u00f3n superior-, administraciones p\u00fablicas y empresas.<\/p>\n","protected":false},"excerpt":{"rendered":"<p>El rector de la Universidad Internacional de Andaluc\u00eda, Eugenio Dom\u00ednguez Vilches, ha realizado hoy una visita institucional a la Universidad Pablo de Olavide y se ha reunido con el rector de esta instituci\u00f3n, Vicente Guzm\u00e1n. Durante el encuentro, los rectores de ambas universidades p\u00fablicas andaluzas han mostrado su disposici\u00f3n a seguir colaborando en proyectos conjuntos en materia de docencia e investigaci\u00f3n.<\/p>\n","protected":false},"author":6,"featured_media":0,"comment_status":"closed","ping_status":"open","sticky":false,"template":"","format":"standard","meta":{"_monsterinsights_skip_tracking":false,"_monsterinsights_sitenote_active":false,"_monsterinsights_sitenote_note":"","_monsterinsights_sitenote_category":0,"footnotes":""},"categories":[6],"tags":[202,38,170,39,106,297],"class_list":["post-1905624","post","type-post","status-publish","format-standard","hentry","category-institucional","tag-encuentro-institucional","tag-rector","tag-unia","tag-universidades","tag-vicente-c-guzman","tag-visita"],"_links":{"self":[{"href":"https:\/\/www.upo.es\/diario\/wp-json\/wp\/v2\/posts\/1905624","targetHints":{"allow":["GET"]}}],"collection":[{"href":"https:\/\/www.upo.es\/diario\/wp-json\/wp\/v2\/posts"}],"about":[{"href":"https:\/\/www.upo.es\/diario\/wp-json\/wp\/v2\/types\/post"}],"author":[{"embeddable":true,"href":"https:\/\/www.upo.es\/diario\/wp-json\/wp\/v2\/users\/6"}],"replies":[{"embeddable":true,"href":"https:\/\/www.upo.es\/diario\/wp-json\/wp\/v2\/comments?post=1905624"}],"version-history":[{"count":4,"href":"https:\/\/www.upo.es\/diario\/wp-json\/wp\/v2\/posts\/1905624\/revisions"}],"predecessor-version":[{"id":1905629,"href":"https:\/\/www.upo.es\/diario\/wp-json\/wp\/v2\/posts\/1905624\/revisions\/1905629"}],"wp:attachment":[{"href":"https:\/\/www.upo.es\/diario\/wp-json\/wp\/v2\/media?parent=1905624"}],"wp:term":[{"taxonomy":"category","embeddable":true,"href":"https:\/\/www.upo.es\/diario\/wp-json\/wp\/v2\/categories?post=1905624"},{"taxonomy":"post_tag","embeddable":true,"href":"https:\/\/www.upo.es\/diario\/wp-json\/wp\/v2\/tags?post=1905624"}],"curies":[{"name":"wp","href":"https:\/\/api.w.org\/{rel}","templated":true}]}}