{"id":19184392,"date":"2017-03-24T12:21:52","date_gmt":"2017-03-24T12:21:52","guid":{"rendered":"https:\/\/www.upo.es\/diario\/?p=19184392"},"modified":"2017-03-28T12:09:23","modified_gmt":"2017-03-28T12:09:23","slug":"el-martes-llega-a-la-upo-el-congreso-idea-para-el-fomento-del-aleman-en-los-centros-educativos-andaluces","status":"publish","type":"post","link":"https:\/\/www.upo.es\/diario\/institucional\/2017\/03\/el-martes-llega-a-la-upo-el-congreso-idea-para-el-fomento-del-aleman-en-los-centros-educativos-andaluces\/","title":{"rendered":"El martes llega a la UPO el Congreso IDEA para el fomento del alem\u00e1n en los centros educativos andaluces"},"content":{"rendered":"<p><a href=\"http:\/\/www.spanien.diplo.de\/idea\"><img loading=\"lazy\" decoding=\"async\" class=\"alignright size-medium wp-image-19184393\" alt=\"Congreso-Idea\" src=\"https:\/\/www.upo.es\/diario\/wp-content\/uploads\/2017\/03\/Congreso-Idea-320x141.png\" width=\"320\" height=\"141\" srcset=\"https:\/\/www.upo.es\/diario\/wp-content\/uploads\/2017\/03\/Congreso-Idea-320x141.png 320w, https:\/\/www.upo.es\/diario\/wp-content\/uploads\/2017\/03\/Congreso-Idea-600x265.png 600w, https:\/\/www.upo.es\/diario\/wp-content\/uploads\/2017\/03\/Congreso-Idea.png 625w\" sizes=\"auto, (max-width: 320px) 100vw, 320px\" \/><\/a>El martes 24 de marzo, en el Sal\u00f3n de Actos del Instituto de la Grasa (CSIC) desde las 9:00 horas llega a la Universidad Pablo de Olavide el <b><a href=\"http:\/\/www.spanien.diplo.de\/idea\">Congreso regional IDEA para el fomento del alem\u00e1n en los centros educativos de Andaluc\u00eda<\/a><\/b> que comienza el lunes en la Facultad de Filolog\u00eda de la Universidad de Sevilla. El rector de la UPO, Vicente Guzm\u00e1n Fluja; la consejera de Educaci\u00f3n, Adelaida de la Calle Mart\u00edn; el embajador de Alemania, Peter Tempel; y el presidente del Grupo Bosch Iberia, Javier Gonz\u00e1lez Pareja, inaugurar\u00e1n la segunda jornada.<\/p>\n<p><strong>Este congreso re\u00fane al profesorado de alem\u00e1n de todos los niveles educativos con el objetivo de impulsar la presencia de esta lengua en la educaci\u00f3n p\u00fablica.<\/strong> La Consejer\u00eda de Educaci\u00f3n de la Junta de Andaluc\u00eda y la Embajada de Alemania en Espa\u00f1a junto con la Asociaci\u00f3n de Germanistas de Andaluc\u00eda han trabajado juntas para que sea posible el encuentro de m\u00e1s un centenar de profesores y profesoras de educaci\u00f3n primaria y secundaria con el apoyo de las dos universidades p\u00fablicas sevillanas, la Direcci\u00f3n General de Innovaci\u00f3n y la Secretar\u00eda General de Educaci\u00f3n y Formaci\u00f3n Profesional de la Consejer\u00eda.<\/p>\n<p>El pluriling\u00fcismo ha sido un objetivo importante para la Junta de Andaluc\u00eda en los \u00faltimos veinte a\u00f1os y como tal se ha ido desarrollando a trav\u00e9s del programa que se inici\u00f3 en 1998. Sin embargo, de los 1.300 centros biling\u00fces existentes en la comunidad, \u00fanicamente 10 son de alem\u00e1n. De hecho, hay diferencias importantes entre la ense\u00f1anza del alem\u00e1n en el sector privado y en el p\u00fablico, ya que son numerosos los centros privados, e incluso concertados, que ofrecen alem\u00e1n en sus aulas.<\/p>\n<p><strong>ALEM\u00c1N, EL IDIOMA CON M\u00c1S HABLANTES DE LA UE<\/strong><\/p>\n<p>Seg\u00fan explica<strong> Ana Medina Reguera<\/strong>, responsable del \u00e1rea de Filolog\u00eda Alemana de la Universidad Pablo de Olavide, \u201cel alem\u00e1n es el idioma con m\u00e1s hablantes de la Uni\u00f3n Europea puesto que 105 millones de personas lo hablan como lengua materna y en el mundo hay 125 millones de germanoparlantes\u201d.<\/p>\n<p>Medina Reguera revela la importancia del aprendizaje de alem\u00e1n en los centros educativos porque \u201cAlemania es un socio comercial clave para Espa\u00f1a al ser su primer suministrador. Por otra parte, como importador compra a Espa\u00f1a por valor de m\u00e1s de 65.500 millones de euros y esta cifra sube cada a\u00f1o. Pese a estos datos, la ense\u00f1anza del alem\u00e1n en los centros educativos p\u00fablicos en Espa\u00f1a no se corresponde con esta realidad. El porcentaje de escolares que pueden acceder a esta lengua sigue siendo m\u00ednimo y es una situaci\u00f3n que debe cambiar con urgencia porque el alem\u00e1n es un factor clave para el empleo y para nuestra industria. No queremos que estas oportunidades queden relegadas a unos pocos, no queremos que siga siendo un idioma reservado a las \u00e9lites\u201d.<\/p>\n<p>\u201cEl Plan Estrat\u00e9gico de Desarrollo de las Lenguas en Andaluc\u00eda (PEDLA) elaborado por la Consejer\u00eda de Educaci\u00f3n proporciona un marco en el que insertar la ampliaci\u00f3n de profesorado y centros. Por una parte, es necesario incluir el alem\u00e1n como segunda lengua obligatoria en aquellos centros cuyas AMPAS y direcciones lo soliciten; y por otra parte, el n\u00famero de centros biling\u00fces deber\u00eda estar m\u00e1s compensado con el peso e importancia de esta lengua. La convocatoria de oposiciones, la planificaci\u00f3n de docentes o la formaci\u00f3n espec\u00edfica son algunos de los temas que ser\u00e1n debatidos en grupos de trabajo y mesas redondas en los d\u00edas del congreso\u201d, concluye la profesora de la Olavide.<\/p>\n<p>El Congreso Regional IDEA es un evento abierto a estudiantes y profesorado de la Universidad Pablo de Olavide. Hasta 500 alumnos y alumnas de la Facultad de Humanidades estudian alem\u00e1n en la UPO, puesto que se oferta como primera y segunda lengua en el Grado de Traducci\u00f3n e Interpretaci\u00f3n. Por otra parte, la Facultad de Derecho ofrece el <a href=\"https:\/\/www.upo.es\/portal\/impe\/web\/contenido\/23382f8c-ec8f-11e3-8b3d-3fe5a96f4a88?channel=c1f3624d-2f47-11de-b088-3fe5a96f4a88\">Doble Grado Internacional en Derecho hispano-alem\u00e1n con la Universidad de Bayreuth<\/a> y el <a href=\"https:\/\/www.upo.es\/idiomas\">Servicio de Idiomas<\/a> imparte alem\u00e1n en todos los niveles. Finalmente, la UPO tiene un lectorado del DAAD (Servicio Alem\u00e1n de Intercambio Acad\u00e9mico) desde el a\u00f1o 2006 y el Departamento de Filolog\u00eda y Traducci\u00f3n cuenta con hasta quince profesores y profesoras que imparten lengua, traducci\u00f3n e interpretaci\u00f3n de alem\u00e1n.<\/p>\n<ul>\n<li><a href=\"https:\/\/www.upo.es\/upo_opencms\/export\/sites\/upo\/Galerias\/Descargas\/InfoEstudiantes\/Idea-ProgramaCongresoAndalucia.pdf\">Congreso regional IDEA para el fomento del alem\u00e1n en los centros educativos de Andaluc\u00eda \u2013 Programa (PDF)<\/a><\/li>\n<\/ul>\n","protected":false},"excerpt":{"rendered":"<p>El martes 24 de marzo, en el Sal\u00f3n de Actos del Instituto de la Grasa (CSIC) desde las 9:00 horas llega a la Universidad Pablo de Olavide el Congreso regional IDEA para el fomento del alem\u00e1n en los centros educativos de Andaluc\u00eda que comienza el lunes en la Facultad de Filolog\u00eda de la Universidad de Sevilla. El rector de la UPO, Vicente Guzm\u00e1n Fluja; la consejera de Educaci\u00f3n, Adelaida de la Calle Mart\u00edn; el embajador de Alemania, Peter Tempel; y el presidente del Grupo Bosch Iberia, Javier Gonz\u00e1lez Pareja, inaugurar\u00e1n la segunda jornada.<\/p>\n","protected":false},"author":6,"featured_media":0,"comment_status":"closed","ping_status":"open","sticky":false,"template":"","format":"standard","meta":{"_monsterinsights_skip_tracking":false,"_monsterinsights_sitenote_active":false,"_monsterinsights_sitenote_note":"","_monsterinsights_sitenote_category":0,"footnotes":""},"categories":[6],"tags":[844,864,354,1487,509,35,203,199,38],"class_list":["post-19184392","post","type-post","status-publish","format-standard","hentry","category-institucional","tag-aleman","tag-alemania","tag-congreso","tag-embajada","tag-formacion","tag-idiomas","tag-junta-de-andalucia","tag-profesorado","tag-rector"],"_links":{"self":[{"href":"https:\/\/www.upo.es\/diario\/wp-json\/wp\/v2\/posts\/19184392","targetHints":{"allow":["GET"]}}],"collection":[{"href":"https:\/\/www.upo.es\/diario\/wp-json\/wp\/v2\/posts"}],"about":[{"href":"https:\/\/www.upo.es\/diario\/wp-json\/wp\/v2\/types\/post"}],"author":[{"embeddable":true,"href":"https:\/\/www.upo.es\/diario\/wp-json\/wp\/v2\/users\/6"}],"replies":[{"embeddable":true,"href":"https:\/\/www.upo.es\/diario\/wp-json\/wp\/v2\/comments?post=19184392"}],"version-history":[{"count":8,"href":"https:\/\/www.upo.es\/diario\/wp-json\/wp\/v2\/posts\/19184392\/revisions"}],"predecessor-version":[{"id":19254802,"href":"https:\/\/www.upo.es\/diario\/wp-json\/wp\/v2\/posts\/19184392\/revisions\/19254802"}],"wp:attachment":[{"href":"https:\/\/www.upo.es\/diario\/wp-json\/wp\/v2\/media?parent=19184392"}],"wp:term":[{"taxonomy":"category","embeddable":true,"href":"https:\/\/www.upo.es\/diario\/wp-json\/wp\/v2\/categories?post=19184392"},{"taxonomy":"post_tag","embeddable":true,"href":"https:\/\/www.upo.es\/diario\/wp-json\/wp\/v2\/tags?post=19184392"}],"curies":[{"name":"wp","href":"https:\/\/api.w.org\/{rel}","templated":true}]}}