{"id":19251883,"date":"2017-03-27T10:44:37","date_gmt":"2017-03-27T10:44:37","guid":{"rendered":"https:\/\/www.upo.es\/diario\/?p=19251883"},"modified":"2017-03-27T10:45:43","modified_gmt":"2017-03-27T10:45:43","slug":"visita-a-la-upo-de-antiguos-alumnos-de-la-promocion-1965-1970-de-la-universidad-laboral-de-sevilla","status":"publish","type":"post","link":"https:\/\/www.upo.es\/diario\/institucional\/2017\/03\/visita-a-la-upo-de-antiguos-alumnos-de-la-promocion-1965-1970-de-la-universidad-laboral-de-sevilla\/","title":{"rendered":"Visita a la UPO de antiguos alumnos de la promoci\u00f3n 1965-1970 de la Universidad Laboral de Sevilla"},"content":{"rendered":"<figure id=\"attachment_19251910\" aria-describedby=\"caption-attachment-19251910\" style=\"width: 600px\" class=\"wp-caption aligncenter\"><a href=\"https:\/\/www.upo.es\/diario\/wp-content\/uploads\/2017\/03\/IMG_0648.jpg\"><img loading=\"lazy\" decoding=\"async\" class=\"size-large wp-image-19251910\" alt=\"Visita de los antiguos alumnos de la Universidad Laboral de Sevilla, junto con la directora general de Comunicaci\u00f3n Mar\u00eda Jos\u00e9 Trigueros, y el ayudante de servicio, Luis Bobadilla.\" src=\"https:\/\/www.upo.es\/diario\/wp-content\/uploads\/2017\/03\/IMG_0648-600x363.jpg\" width=\"600\" height=\"363\" srcset=\"https:\/\/www.upo.es\/diario\/wp-content\/uploads\/2017\/03\/IMG_0648-600x363.jpg 600w, https:\/\/www.upo.es\/diario\/wp-content\/uploads\/2017\/03\/IMG_0648-320x193.jpg 320w\" sizes=\"auto, (max-width: 600px) 100vw, 600px\" \/><\/a><figcaption id=\"caption-attachment-19251910\" class=\"wp-caption-text\">Visita de los antiguos alumnos de la Universidad Laboral de Sevilla, junto con la directora general de Comunicaci\u00f3n Mar\u00eda Jos\u00e9 Trigueros, y el ayudante de servicio, Luis Bobadilla.<\/figcaption><\/figure>\n<p>La directora general de Comunicaci\u00f3n de la Universidad Pablo de Olavide, Mar\u00eda Jos\u00e9 Trigueros, recibi\u00f3 el pasado s\u00e1bado, 25 de marzo, a un grupo de antiguos alumnos de la promoci\u00f3n 1965-1970 de la Universidad Laboral de Sevilla, que visitaron las instalaciones de la Universidad Pablo de Olavide a lo largo de la ma\u00f1ana.<\/p>\n<p>Tras la bienvenida, los antiguos alumnos de la Universidad Laboral realizaron un recorrido por el campus de la Universidad Pablo de Olavide, acompa\u00f1ados por la directora general de Comunicaci\u00f3n junto al ayudante de servicio de la UPO Luis Bobadilla. Este grupo formado por 34 antiguos alumnos realiz\u00f3 una visita por el campus universitario, biblioteca, aulas inform\u00e1ticas, instalaciones deportivas y algunos de los edificios que constituyeron el internado donde residieron y estudiaron. Los integrantes del grupo comprobaron de primera mano c\u00f3mo ha cambiado el campus desde entonces.<\/p>\n","protected":false},"excerpt":{"rendered":"<p>La directora general de Comunicaci\u00f3n de la Universidad Pablo de Olavide, Mar\u00eda Jos\u00e9 Trigueros, recibi\u00f3 el pasado s\u00e1bado, 25 de marzo, a un grupo de antiguos alumnos de la promoci\u00f3n 1965-1970 de la Universidad Laboral de Sevilla, que visitaron las instalaciones de la Universidad Pablo de Olavide, de Sevilla a lo largo de la ma\u00f1ana.<\/p>\n","protected":false},"author":2,"featured_media":0,"comment_status":"closed","ping_status":"open","sticky":false,"template":"","format":"standard","meta":{"_monsterinsights_skip_tracking":false,"_monsterinsights_sitenote_active":false,"_monsterinsights_sitenote_note":"","_monsterinsights_sitenote_category":0,"footnotes":""},"categories":[6],"tags":[153,1261,297],"class_list":["post-19251883","post","type-post","status-publish","format-standard","hentry","category-institucional","tag-alumni","tag-universidad-laboral","tag-visita"],"_links":{"self":[{"href":"https:\/\/www.upo.es\/diario\/wp-json\/wp\/v2\/posts\/19251883","targetHints":{"allow":["GET"]}}],"collection":[{"href":"https:\/\/www.upo.es\/diario\/wp-json\/wp\/v2\/posts"}],"about":[{"href":"https:\/\/www.upo.es\/diario\/wp-json\/wp\/v2\/types\/post"}],"author":[{"embeddable":true,"href":"https:\/\/www.upo.es\/diario\/wp-json\/wp\/v2\/users\/2"}],"replies":[{"embeddable":true,"href":"https:\/\/www.upo.es\/diario\/wp-json\/wp\/v2\/comments?post=19251883"}],"version-history":[{"count":3,"href":"https:\/\/www.upo.es\/diario\/wp-json\/wp\/v2\/posts\/19251883\/revisions"}],"predecessor-version":[{"id":19252855,"href":"https:\/\/www.upo.es\/diario\/wp-json\/wp\/v2\/posts\/19251883\/revisions\/19252855"}],"wp:attachment":[{"href":"https:\/\/www.upo.es\/diario\/wp-json\/wp\/v2\/media?parent=19251883"}],"wp:term":[{"taxonomy":"category","embeddable":true,"href":"https:\/\/www.upo.es\/diario\/wp-json\/wp\/v2\/categories?post=19251883"},{"taxonomy":"post_tag","embeddable":true,"href":"https:\/\/www.upo.es\/diario\/wp-json\/wp\/v2\/tags?post=19251883"}],"curies":[{"name":"wp","href":"https:\/\/api.w.org\/{rel}","templated":true}]}}